{"id":2882,"date":"2021-09-07T08:12:22","date_gmt":"2021-09-07T07:12:22","guid":{"rendered":"https:\/\/wordpress.derwegderwoelfe.de\/?p=2882"},"modified":"2021-10-17T09:13:21","modified_gmt":"2021-10-17T08:13:21","slug":"impressionen-karpaten-herbst-2021","status":"publish","type":"post","link":"https:\/\/wordpress.derwegderwoelfe.de\/?p=2882","title":{"rendered":"Impressionen Karpaten Herbst 2021"},"content":{"rendered":"\n<figure class=\"wp-block-image size-large\"><a href=\"https:\/\/wordpress.derwegderwoelfe.de\/wp-content\/uploads\/2021\/09\/Aussicht01.jpg\"><img loading=\"lazy\" decoding=\"async\" width=\"1024\" height=\"575\" src=\"https:\/\/wordpress.derwegderwoelfe.de\/wp-content\/uploads\/2021\/09\/Aussicht01-1024x575.jpg\" alt=\"\" class=\"wp-image-2884\" srcset=\"https:\/\/wordpress.derwegderwoelfe.de\/wp-content\/uploads\/2021\/09\/Aussicht01-1024x575.jpg 1024w, https:\/\/wordpress.derwegderwoelfe.de\/wp-content\/uploads\/2021\/09\/Aussicht01-300x168.jpg 300w, https:\/\/wordpress.derwegderwoelfe.de\/wp-content\/uploads\/2021\/09\/Aussicht01-768x431.jpg 768w, https:\/\/wordpress.derwegderwoelfe.de\/wp-content\/uploads\/2021\/09\/Aussicht01-1536x862.jpg 1536w, https:\/\/wordpress.derwegderwoelfe.de\/wp-content\/uploads\/2021\/09\/Aussicht01-500x281.jpg 500w, https:\/\/wordpress.derwegderwoelfe.de\/wp-content\/uploads\/2021\/09\/Aussicht01.jpg 1887w\" sizes=\"auto, (max-width: 1024px) 100vw, 1024px\" \/><\/a><\/figure>\n\n\n\n<p>Nach 2 Jahren bin ich wieder in den Karpaten unterwegs, in meinem ehemaligem Forschungsgebiet rund um Kronstadt, Piatra Craiului und Buzegi Gebirge. Warum fahre ich nach so vielen Jahren noch immer hier her? Tja, gute Frage, denn es gibt so viele andere interessante und sch\u00f6ne Gebiete in Europa und der Welt. Ein Grund ist sicherlich, weil ich mir hier recht gut auskenne und ich beobachten kann was sich wie ver\u00e4ndert. Ein zweiter Grund ist, weil ich hier noch immer W\u00e4lder vorfinde mit hoher Diversit\u00e4t und auch ohne Schnee viele Spuren finden kann. Vielleicht f\u00fchle ich mich hier auch einfach zufrieden und wohl und habe wegen der langen Forschungsarbeit eine gewisse Verbundenheit entwickelt, obwohl ich nicht alle Entwicklungen hier gut finde. Ich habe den Eindruck, dass die Wildtiere und Natur insgesamt, aber auch die W\u00f6lfe hier verst\u00e4rkt unter Druck geraten. <\/p>\n\n\n\n<p>Wie dem auch sei, ich habe jetzt etwa 4 Wochen um mich in aller Ruhe umzuschauen, f\u00fcr verschiedene Wanderungen und f\u00fcr die Entwicklung neuer Projektideen aus dem Bildungsarbeit. Dann kommen drei Gruppen mit denen ich jeweils eine Woche hier unterwegs bin und wie viele Themen besprechen \u00fcber W\u00f6lfe, Luchse und B\u00e4ren und ganz allgemein \u00fcber alle m\u00f6glichen anderen Aspekte zur Mensch-Natur-Artenvielfalt. <\/p>\n\n\n\n<p>Neu wird sein, dass ich 1-2 mal die Woche Bilder und Videoclips hier zeige und kurz etwas dazu erz\u00e4hle.<\/p>\n\n\n\n<p>Los geht&#8217;s mit einigen Bildern der letzten Tage.<\/p>\n\n\n\n<figure class=\"wp-block-image size-large is-resized\"><a href=\"https:\/\/wordpress.derwegderwoelfe.de\/wp-content\/uploads\/2021\/09\/C0034_Moment.jpg\"><img loading=\"lazy\" decoding=\"async\" src=\"https:\/\/wordpress.derwegderwoelfe.de\/wp-content\/uploads\/2021\/09\/C0034_Moment-1024x576.jpg\" alt=\"\" class=\"wp-image-2885\" width=\"802\" height=\"449\" srcset=\"https:\/\/wordpress.derwegderwoelfe.de\/wp-content\/uploads\/2021\/09\/C0034_Moment-300x169.jpg 300w, https:\/\/wordpress.derwegderwoelfe.de\/wp-content\/uploads\/2021\/09\/C0034_Moment-500x281.jpg 500w\" sizes=\"auto, (max-width: 802px) 100vw, 802px\" \/><\/a><figcaption>ein h\u00fcbscher Bl\u00e4uling<\/figcaption><\/figure>\n\n\n\n<p><\/p>\n\n\n\n<figure class=\"wp-block-image size-full\"><a href=\"https:\/\/wordpress.derwegderwoelfe.de\/wp-content\/uploads\/2021\/09\/2-Gelbbauchunken-2.jpg\"><img loading=\"lazy\" decoding=\"async\" width=\"800\" height=\"450\" src=\"https:\/\/wordpress.derwegderwoelfe.de\/wp-content\/uploads\/2021\/09\/2-Gelbbauchunken-2.jpg\" alt=\"\" class=\"wp-image-2897\" srcset=\"https:\/\/wordpress.derwegderwoelfe.de\/wp-content\/uploads\/2021\/09\/2-Gelbbauchunken-2.jpg 800w, https:\/\/wordpress.derwegderwoelfe.de\/wp-content\/uploads\/2021\/09\/2-Gelbbauchunken-2-300x169.jpg 300w, https:\/\/wordpress.derwegderwoelfe.de\/wp-content\/uploads\/2021\/09\/2-Gelbbauchunken-2-768x432.jpg 768w, https:\/\/wordpress.derwegderwoelfe.de\/wp-content\/uploads\/2021\/09\/2-Gelbbauchunken-2-500x281.jpg 500w\" sizes=\"auto, (max-width: 800px) 100vw, 800px\" \/><\/a><figcaption>zwei Gelbbauchunken treibend im Wassergraben am Wegrand<\/figcaption><\/figure>\n\n\n\n<p>   <\/p>\n\n\n\n<p><\/p>\n\n\n\n<figure class=\"wp-block-image size-full\"><a href=\"https:\/\/wordpress.derwegderwoelfe.de\/wp-content\/uploads\/2021\/09\/2-hirsche.jpg\"><img loading=\"lazy\" decoding=\"async\" width=\"800\" height=\"576\" src=\"https:\/\/wordpress.derwegderwoelfe.de\/wp-content\/uploads\/2021\/09\/2-hirsche.jpg\" alt=\"\" class=\"wp-image-2887\" srcset=\"https:\/\/wordpress.derwegderwoelfe.de\/wp-content\/uploads\/2021\/09\/2-hirsche.jpg 800w, https:\/\/wordpress.derwegderwoelfe.de\/wp-content\/uploads\/2021\/09\/2-hirsche-300x216.jpg 300w, https:\/\/wordpress.derwegderwoelfe.de\/wp-content\/uploads\/2021\/09\/2-hirsche-768x553.jpg 768w, https:\/\/wordpress.derwegderwoelfe.de\/wp-content\/uploads\/2021\/09\/2-hirsche-417x300.jpg 417w\" sizes=\"auto, (max-width: 800px) 100vw, 800px\" \/><\/a><figcaption>zwei Hirsche fr\u00fch morgens. Sie haben mich bemerkt.<\/figcaption><\/figure>\n\n\n\n<p><\/p>\n\n\n\n<figure class=\"wp-block-image size-full\"><a href=\"https:\/\/wordpress.derwegderwoelfe.de\/wp-content\/uploads\/2021\/09\/Baer-hinten.jpg\"><img loading=\"lazy\" decoding=\"async\" width=\"800\" height=\"549\" src=\"https:\/\/wordpress.derwegderwoelfe.de\/wp-content\/uploads\/2021\/09\/Baer-hinten.jpg\" alt=\"\" class=\"wp-image-2888\" srcset=\"https:\/\/wordpress.derwegderwoelfe.de\/wp-content\/uploads\/2021\/09\/Baer-hinten.jpg 800w, https:\/\/wordpress.derwegderwoelfe.de\/wp-content\/uploads\/2021\/09\/Baer-hinten-300x206.jpg 300w, https:\/\/wordpress.derwegderwoelfe.de\/wp-content\/uploads\/2021\/09\/Baer-hinten-768x527.jpg 768w, https:\/\/wordpress.derwegderwoelfe.de\/wp-content\/uploads\/2021\/09\/Baer-hinten-437x300.jpg 437w\" sizes=\"auto, (max-width: 800px) 100vw, 800px\" \/><\/a><figcaption>B\u00e4renspur, hintere Tatze.<\/figcaption><\/figure>\n\n\n\n<p><\/p>\n\n\n\n<figure class=\"wp-block-image size-full\"><a href=\"https:\/\/wordpress.derwegderwoelfe.de\/wp-content\/uploads\/2021\/09\/Baerenspur-Bienenwagen.jpg\"><img loading=\"lazy\" decoding=\"async\" width=\"800\" height=\"515\" src=\"https:\/\/wordpress.derwegderwoelfe.de\/wp-content\/uploads\/2021\/09\/Baerenspur-Bienenwagen.jpg\" alt=\"\" class=\"wp-image-2889\" srcset=\"https:\/\/wordpress.derwegderwoelfe.de\/wp-content\/uploads\/2021\/09\/Baerenspur-Bienenwagen.jpg 800w, https:\/\/wordpress.derwegderwoelfe.de\/wp-content\/uploads\/2021\/09\/Baerenspur-Bienenwagen-300x193.jpg 300w, https:\/\/wordpress.derwegderwoelfe.de\/wp-content\/uploads\/2021\/09\/Baerenspur-Bienenwagen-768x494.jpg 768w, https:\/\/wordpress.derwegderwoelfe.de\/wp-content\/uploads\/2021\/09\/Baerenspur-Bienenwagen-466x300.jpg 466w\" sizes=\"auto, (max-width: 800px) 100vw, 800px\" \/><\/a><figcaption>noch eine B\u00e4renspur. Davor eine Fuchsspur. Etwa 200m von einem Bienenwagen, der mit einem E-Zaune gesichert ist. es gab hier aber reichlich unterschiedliche Beeren zu finden.<\/figcaption><\/figure>\n\n\n\n<p><\/p>\n\n\n\n<figure class=\"wp-block-image size-full\"><a href=\"https:\/\/wordpress.derwegderwoelfe.de\/wp-content\/uploads\/2021\/09\/Bienenwagen.jpg\"><img loading=\"lazy\" decoding=\"async\" width=\"800\" height=\"449\" src=\"https:\/\/wordpress.derwegderwoelfe.de\/wp-content\/uploads\/2021\/09\/Bienenwagen.jpg\" alt=\"\" class=\"wp-image-2899\" srcset=\"https:\/\/wordpress.derwegderwoelfe.de\/wp-content\/uploads\/2021\/09\/Bienenwagen.jpg 800w, https:\/\/wordpress.derwegderwoelfe.de\/wp-content\/uploads\/2021\/09\/Bienenwagen-300x168.jpg 300w, https:\/\/wordpress.derwegderwoelfe.de\/wp-content\/uploads\/2021\/09\/Bienenwagen-768x431.jpg 768w, https:\/\/wordpress.derwegderwoelfe.de\/wp-content\/uploads\/2021\/09\/Bienenwagen-500x281.jpg 500w\" sizes=\"auto, (max-width: 800px) 100vw, 800px\" \/><\/a><figcaption>Das ist der Bienenwagen mit stromf\u00fchrenden Litzenzaun.<\/figcaption><\/figure>\n\n\n\n<figure class=\"wp-block-image size-full\"><a href=\"https:\/\/wordpress.derwegderwoelfe.de\/wp-content\/uploads\/2021\/09\/Baerkot-Fruechte.jpg\"><img loading=\"lazy\" decoding=\"async\" width=\"800\" height=\"449\" src=\"https:\/\/wordpress.derwegderwoelfe.de\/wp-content\/uploads\/2021\/09\/Baerkot-Fruechte.jpg\" alt=\"\" class=\"wp-image-2890\" srcset=\"https:\/\/wordpress.derwegderwoelfe.de\/wp-content\/uploads\/2021\/09\/Baerkot-Fruechte.jpg 800w, https:\/\/wordpress.derwegderwoelfe.de\/wp-content\/uploads\/2021\/09\/Baerkot-Fruechte-300x168.jpg 300w, https:\/\/wordpress.derwegderwoelfe.de\/wp-content\/uploads\/2021\/09\/Baerkot-Fruechte-768x431.jpg 768w, https:\/\/wordpress.derwegderwoelfe.de\/wp-content\/uploads\/2021\/09\/Baerkot-Fruechte-500x281.jpg 500w\" sizes=\"auto, (max-width: 800px) 100vw, 800px\" \/><\/a><figcaption>B\u00e4renkot mit vielen Samen von Beeren. Insbesondere von Traubenkirschen, wenn ich mich nicht irre.<\/figcaption><\/figure>\n\n\n\n<p><\/p>\n\n\n\n<p><\/p>\n\n\n\n<figure class=\"wp-block-image size-full\"><a href=\"https:\/\/wordpress.derwegderwoelfe.de\/wp-content\/uploads\/2021\/09\/DSC03145.jpg\"><img loading=\"lazy\" decoding=\"async\" width=\"800\" height=\"610\" src=\"https:\/\/wordpress.derwegderwoelfe.de\/wp-content\/uploads\/2021\/09\/DSC03145.jpg\" alt=\"\" class=\"wp-image-2891\" srcset=\"https:\/\/wordpress.derwegderwoelfe.de\/wp-content\/uploads\/2021\/09\/DSC03145.jpg 800w, https:\/\/wordpress.derwegderwoelfe.de\/wp-content\/uploads\/2021\/09\/DSC03145-300x229.jpg 300w, https:\/\/wordpress.derwegderwoelfe.de\/wp-content\/uploads\/2021\/09\/DSC03145-768x586.jpg 768w, https:\/\/wordpress.derwegderwoelfe.de\/wp-content\/uploads\/2021\/09\/DSC03145-393x300.jpg 393w\" sizes=\"auto, (max-width: 800px) 100vw, 800px\" \/><\/a><figcaption>Das m\u00fcsste ein Habichtskauz sein. Das werde ich noch genauer recherchieren. <\/figcaption><\/figure>\n\n\n\n<p><\/p>\n\n\n\n<figure class=\"wp-block-image size-full\"><a href=\"https:\/\/wordpress.derwegderwoelfe.de\/wp-content\/uploads\/2021\/09\/DSCN0756.jpg\"><img loading=\"lazy\" decoding=\"async\" width=\"800\" height=\"514\" src=\"https:\/\/wordpress.derwegderwoelfe.de\/wp-content\/uploads\/2021\/09\/DSCN0756.jpg\" alt=\"\" class=\"wp-image-2892\" srcset=\"https:\/\/wordpress.derwegderwoelfe.de\/wp-content\/uploads\/2021\/09\/DSCN0756.jpg 800w, https:\/\/wordpress.derwegderwoelfe.de\/wp-content\/uploads\/2021\/09\/DSCN0756-300x193.jpg 300w, https:\/\/wordpress.derwegderwoelfe.de\/wp-content\/uploads\/2021\/09\/DSCN0756-768x493.jpg 768w, https:\/\/wordpress.derwegderwoelfe.de\/wp-content\/uploads\/2021\/09\/DSCN0756-467x300.jpg 467w\" sizes=\"auto, (max-width: 800px) 100vw, 800px\" \/><\/a><figcaption>Dieser Pfotenabdruck k\u00f6nnte von einem Wolf sein. Von links nach rechts sieht man den Ballen, dann die beiden \u00e4u\u00dferen Zehenballen und vorne, etwas dunkel die vorderen Zehenballen. Insgesamt gute 10cm lang, also recht gro\u00df und l\u00e4nger als breit. Ich konnte problemlos ein X zwischen den Zehenballen zeichnen. Trotzdem, es gibt auch Hunde mit solchen Pfoten. Leider habe ich keine weiteren Hinweise finden k\u00f6nnen, die mir mehr Infos geben konnten.<\/figcaption><\/figure>\n\n\n\n<p><\/p>\n\n\n\n<figure class=\"wp-block-image size-full\"><a href=\"https:\/\/wordpress.derwegderwoelfe.de\/wp-content\/uploads\/2021\/09\/eher-Hund.jpg\"><img loading=\"lazy\" decoding=\"async\" width=\"800\" height=\"630\" src=\"https:\/\/wordpress.derwegderwoelfe.de\/wp-content\/uploads\/2021\/09\/eher-Hund.jpg\" alt=\"\" class=\"wp-image-2893\" srcset=\"https:\/\/wordpress.derwegderwoelfe.de\/wp-content\/uploads\/2021\/09\/eher-Hund.jpg 800w, https:\/\/wordpress.derwegderwoelfe.de\/wp-content\/uploads\/2021\/09\/eher-Hund-300x236.jpg 300w, https:\/\/wordpress.derwegderwoelfe.de\/wp-content\/uploads\/2021\/09\/eher-Hund-768x605.jpg 768w, https:\/\/wordpress.derwegderwoelfe.de\/wp-content\/uploads\/2021\/09\/eher-Hund-381x300.jpg 381w\" sizes=\"auto, (max-width: 800px) 100vw, 800px\" \/><\/a><figcaption>Im Vergleich dazu ist diese Spur vermutlich eher von einem Hund. Etwa 9cm lang und ungef\u00e4hr ebenso breit. In den Karpaten habe ich selten einen Spurenverlauf \u00fcber l\u00e4ngere Strecken, wie man ihn auf eher sandigen Wegen finden kann. Es ist hier eher die Erfahrung und ein gutes Bauchgef\u00fchl in Verbindung mit vielen anderen Umgebungsfaktoren oder Situationsfaktoren die mir einen Einsch\u00e4tzung erlauben die eher zum Hund oder Wolf tendiert. Fr\u00fcher lag ich mit meiner Einsch\u00e4tzung meistens richtig, schon nach wenigen Sekunden. Jetzt bin ich vielleicht etwas aus der \u00dcbung. <\/figcaption><\/figure>\n\n\n\n<p><\/p>\n\n\n\n<figure class=\"wp-block-video\"><video controls src=\"https:\/\/wordpress.derwegderwoelfe.de\/wp-content\/uploads\/2021\/09\/MVI_1233_Trim.mp4\"><\/video><figcaption>Rinderhaltung im Wolfs- und B\u00e4rengebiet<\/figcaption><\/figure>\n\n\n\n<figure class=\"wp-block-image size-full\"><a href=\"https:\/\/wordpress.derwegderwoelfe.de\/wp-content\/uploads\/2021\/09\/Fuchs-am-Bus.jpg\"><img loading=\"lazy\" decoding=\"async\" width=\"800\" height=\"449\" src=\"https:\/\/wordpress.derwegderwoelfe.de\/wp-content\/uploads\/2021\/09\/Fuchs-am-Bus.jpg\" alt=\"\" class=\"wp-image-2894\" srcset=\"https:\/\/wordpress.derwegderwoelfe.de\/wp-content\/uploads\/2021\/09\/Fuchs-am-Bus.jpg 800w, https:\/\/wordpress.derwegderwoelfe.de\/wp-content\/uploads\/2021\/09\/Fuchs-am-Bus-300x168.jpg 300w, https:\/\/wordpress.derwegderwoelfe.de\/wp-content\/uploads\/2021\/09\/Fuchs-am-Bus-768x431.jpg 768w, https:\/\/wordpress.derwegderwoelfe.de\/wp-content\/uploads\/2021\/09\/Fuchs-am-Bus-500x281.jpg 500w\" sizes=\"auto, (max-width: 800px) 100vw, 800px\" \/><\/a><figcaption>Ein bettelnder Fuchs sitzt hier neben meinem Bus. Ach ja, ich bin jetzt bei den Exkursionen nach Rum\u00e4nien mit dem Bus unterwegs. Den Land Rover habe ich zwar auch noch, der muss aber gr\u00fcndlich \u00fcberarbeitet werden und ich werde ihn nur noch bei zuk\u00fcnftigen Expeditionen einsetzen. Wenn er dann wieder mal technische Probleme hat, ist es nicht so schlimm, wenn ich dann in eine Werkstatt muss. Bei den Expeditionen habe ich keine Teilnehmer, oder Gruppen dabei. <\/figcaption><\/figure>\n\n\n\n<figure class=\"wp-block-video\"><video height=\"720\" style=\"aspect-ratio: 1280 \/ 720;\" width=\"1280\" controls src=\"https:\/\/wordpress.derwegderwoelfe.de\/wp-content\/uploads\/2021\/09\/bettelfuchs.mp4\"><\/video><\/figure>\n\n\n\n<p><\/p>\n\n\n\n<figure class=\"wp-block-image size-full\"><a href=\"https:\/\/wordpress.derwegderwoelfe.de\/wp-content\/uploads\/2021\/09\/HVEU0185.jpg\"><img loading=\"lazy\" decoding=\"async\" width=\"800\" height=\"600\" src=\"https:\/\/wordpress.derwegderwoelfe.de\/wp-content\/uploads\/2021\/09\/HVEU0185.jpg\" alt=\"\" class=\"wp-image-2901\" srcset=\"https:\/\/wordpress.derwegderwoelfe.de\/wp-content\/uploads\/2021\/09\/HVEU0185.jpg 800w, https:\/\/wordpress.derwegderwoelfe.de\/wp-content\/uploads\/2021\/09\/HVEU0185-300x225.jpg 300w, https:\/\/wordpress.derwegderwoelfe.de\/wp-content\/uploads\/2021\/09\/HVEU0185-768x576.jpg 768w, https:\/\/wordpress.derwegderwoelfe.de\/wp-content\/uploads\/2021\/09\/HVEU0185-400x300.jpg 400w\" sizes=\"auto, (max-width: 800px) 100vw, 800px\" \/><\/a><figcaption>Da bin ich, vor meiner Wildtierkamera<\/figcaption><\/figure>\n\n\n\n<figure class=\"wp-block-image size-full\"><a href=\"https:\/\/wordpress.derwegderwoelfe.de\/wp-content\/uploads\/2021\/09\/Wald01.jpg\"><img loading=\"lazy\" decoding=\"async\" width=\"800\" height=\"449\" src=\"https:\/\/wordpress.derwegderwoelfe.de\/wp-content\/uploads\/2021\/09\/Wald01.jpg\" alt=\"\" class=\"wp-image-2903\" srcset=\"https:\/\/wordpress.derwegderwoelfe.de\/wp-content\/uploads\/2021\/09\/Wald01.jpg 800w, https:\/\/wordpress.derwegderwoelfe.de\/wp-content\/uploads\/2021\/09\/Wald01-300x168.jpg 300w, https:\/\/wordpress.derwegderwoelfe.de\/wp-content\/uploads\/2021\/09\/Wald01-768x431.jpg 768w, https:\/\/wordpress.derwegderwoelfe.de\/wp-content\/uploads\/2021\/09\/Wald01-500x281.jpg 500w\" sizes=\"auto, (max-width: 800px) 100vw, 800px\" \/><\/a><figcaption>Das ist ein Wald, wie ich ihn mag und hier sehr oft antreffe. Man sieht kaum hinein, verschiedene Baumarten von ganz jung bis alt und tot und je nach Lichteinfall entsprechender Bodenvegetation. <\/figcaption><\/figure>\n\n\n\n<p><\/p>\n\n\n\n<figure class=\"wp-block-embed is-type-video is-provider-youtube wp-block-embed-youtube wp-embed-aspect-16-9 wp-has-aspect-ratio\"><div class=\"wp-block-embed__wrapper\">\n<iframe loading=\"lazy\" title=\"Clip Rinder B\u00e4r Habichtskauz\" width=\"940\" height=\"529\" src=\"https:\/\/www.youtube.com\/embed\/YfWeXiReXRw?feature=oembed\" frameborder=\"0\" allow=\"accelerometer; autoplay; clipboard-write; encrypted-media; gyroscope; picture-in-picture\" allowfullscreen><\/iframe>\n<\/div><\/figure>\n\n\n\n<p>ein kurzes Video aus einer Wanderung.<\/p>\n\n\n\n<p><\/p>\n\n\n\n<figure class=\"wp-block-video\"><video controls src=\"https:\/\/wordpress.derwegderwoelfe.de\/wp-content\/uploads\/2021\/09\/kurze-exkursion-Buzegi.mp4\"><\/video><\/figure>\n\n\n\n<figure class=\"wp-block-video\"><video height=\"720\" style=\"aspect-ratio: 1280 \/ 720;\" width=\"1280\" controls src=\"https:\/\/wordpress.derwegderwoelfe.de\/wp-content\/uploads\/2021\/09\/ehem-Forschungsgebiet.mp4\"><\/video><figcaption>eine 360\u00b0 Vorstellung aus meinem ehemaligem Forschungsgebiet zwischen Kronstadt und dem Piatra Craiului. Hier finden auch die meisten meine Exkursionen statt.<\/figcaption><\/figure>\n\n\n\n<figure class=\"wp-block-video\"><video height=\"720\" style=\"aspect-ratio: 1280 \/ 720;\" width=\"1280\" controls src=\"https:\/\/wordpress.derwegderwoelfe.de\/wp-content\/uploads\/2021\/09\/Wandern-Piatra-Mare.mp4\"><\/video><figcaption>am Wandern<\/figcaption><\/figure>\n\n\n\n<figure class=\"wp-block-image size-full\"><a href=\"https:\/\/wordpress.derwegderwoelfe.de\/wp-content\/uploads\/2021\/09\/DSC03267.jpg\"><img loading=\"lazy\" decoding=\"async\" width=\"800\" height=\"449\" src=\"https:\/\/wordpress.derwegderwoelfe.de\/wp-content\/uploads\/2021\/09\/DSC03267.jpg\" alt=\"\" class=\"wp-image-2927\" srcset=\"https:\/\/wordpress.derwegderwoelfe.de\/wp-content\/uploads\/2021\/09\/DSC03267.jpg 800w, https:\/\/wordpress.derwegderwoelfe.de\/wp-content\/uploads\/2021\/09\/DSC03267-300x168.jpg 300w, https:\/\/wordpress.derwegderwoelfe.de\/wp-content\/uploads\/2021\/09\/DSC03267-768x431.jpg 768w, https:\/\/wordpress.derwegderwoelfe.de\/wp-content\/uploads\/2021\/09\/DSC03267-500x281.jpg 500w\" sizes=\"auto, (max-width: 800px) 100vw, 800px\" \/><\/a><\/figure>\n\n\n\n<figure class=\"wp-block-video\"><video height=\"720\" style=\"aspect-ratio: 1280 \/ 720;\" width=\"1280\" controls src=\"https:\/\/wordpress.derwegderwoelfe.de\/wp-content\/uploads\/2021\/09\/Hirsch.mp4\"><\/video><figcaption>Der Hirsch lief vor dem Auto, ziemlich entspannt. Er dreht aber seine Ohren zu mir.<\/figcaption><\/figure>\n\n\n\n<figure class=\"wp-block-image size-full\"><a href=\"https:\/\/wordpress.derwegderwoelfe.de\/wp-content\/uploads\/2021\/09\/DSCN0872.jpg\"><img loading=\"lazy\" decoding=\"async\" width=\"800\" height=\"569\" src=\"https:\/\/wordpress.derwegderwoelfe.de\/wp-content\/uploads\/2021\/09\/DSCN0872.jpg\" alt=\"\" class=\"wp-image-2937\" srcset=\"https:\/\/wordpress.derwegderwoelfe.de\/wp-content\/uploads\/2021\/09\/DSCN0872.jpg 800w, https:\/\/wordpress.derwegderwoelfe.de\/wp-content\/uploads\/2021\/09\/DSCN0872-300x213.jpg 300w, https:\/\/wordpress.derwegderwoelfe.de\/wp-content\/uploads\/2021\/09\/DSCN0872-768x546.jpg 768w, https:\/\/wordpress.derwegderwoelfe.de\/wp-content\/uploads\/2021\/09\/DSCN0872-422x300.jpg 422w\" sizes=\"auto, (max-width: 800px) 100vw, 800px\" \/><\/a><figcaption>Spur vom Eichh\u00f6rnchen<\/figcaption><\/figure>\n\n\n\n<figure class=\"wp-block-image size-full\"><a href=\"https:\/\/wordpress.derwegderwoelfe.de\/wp-content\/uploads\/2021\/09\/DSCN0857.jpg\"><img loading=\"lazy\" decoding=\"async\" width=\"800\" height=\"593\" src=\"https:\/\/wordpress.derwegderwoelfe.de\/wp-content\/uploads\/2021\/09\/DSCN0857.jpg\" alt=\"\" class=\"wp-image-2933\" srcset=\"https:\/\/wordpress.derwegderwoelfe.de\/wp-content\/uploads\/2021\/09\/DSCN0857.jpg 800w, https:\/\/wordpress.derwegderwoelfe.de\/wp-content\/uploads\/2021\/09\/DSCN0857-300x222.jpg 300w, https:\/\/wordpress.derwegderwoelfe.de\/wp-content\/uploads\/2021\/09\/DSCN0857-768x569.jpg 768w, https:\/\/wordpress.derwegderwoelfe.de\/wp-content\/uploads\/2021\/09\/DSCN0857-405x300.jpg 405w\" sizes=\"auto, (max-width: 800px) 100vw, 800px\" \/><\/a><figcaption>Spur vom Dachs<\/figcaption><\/figure>\n\n\n\n<figure class=\"wp-block-image size-large\"><a href=\"https:\/\/wordpress.derwegderwoelfe.de\/wp-content\/uploads\/2021\/09\/DSC03275.jpg\"><img loading=\"lazy\" decoding=\"async\" width=\"1024\" height=\"587\" src=\"https:\/\/wordpress.derwegderwoelfe.de\/wp-content\/uploads\/2021\/09\/DSC03275-1024x587.jpg\" alt=\"\" class=\"wp-image-2930\" srcset=\"https:\/\/wordpress.derwegderwoelfe.de\/wp-content\/uploads\/2021\/09\/DSC03275-1024x587.jpg 1024w, https:\/\/wordpress.derwegderwoelfe.de\/wp-content\/uploads\/2021\/09\/DSC03275-300x172.jpg 300w, https:\/\/wordpress.derwegderwoelfe.de\/wp-content\/uploads\/2021\/09\/DSC03275-768x440.jpg 768w, https:\/\/wordpress.derwegderwoelfe.de\/wp-content\/uploads\/2021\/09\/DSC03275-1536x880.jpg 1536w, https:\/\/wordpress.derwegderwoelfe.de\/wp-content\/uploads\/2021\/09\/DSC03275-500x286.jpg 500w, https:\/\/wordpress.derwegderwoelfe.de\/wp-content\/uploads\/2021\/09\/DSC03275.jpg 1868w\" sizes=\"auto, (max-width: 1024px) 100vw, 1024px\" \/><\/a><figcaption>Habichtskauz<\/figcaption><\/figure>\n\n\n\n<p>Der erste Schnee ist gefallen.<\/p>\n\n\n\n<figure class=\"wp-block-image size-full\"><a href=\"https:\/\/wordpress.derwegderwoelfe.de\/wp-content\/uploads\/2021\/09\/IMG_1495.jpg\"><img loading=\"lazy\" decoding=\"async\" width=\"800\" height=\"463\" src=\"https:\/\/wordpress.derwegderwoelfe.de\/wp-content\/uploads\/2021\/09\/IMG_1495.jpg\" alt=\"\" class=\"wp-image-2949\" srcset=\"https:\/\/wordpress.derwegderwoelfe.de\/wp-content\/uploads\/2021\/09\/IMG_1495.jpg 800w, https:\/\/wordpress.derwegderwoelfe.de\/wp-content\/uploads\/2021\/09\/IMG_1495-300x174.jpg 300w, https:\/\/wordpress.derwegderwoelfe.de\/wp-content\/uploads\/2021\/09\/IMG_1495-768x444.jpg 768w, https:\/\/wordpress.derwegderwoelfe.de\/wp-content\/uploads\/2021\/09\/IMG_1495-500x289.jpg 500w\" sizes=\"auto, (max-width: 800px) 100vw, 800px\" \/><\/a><\/figure>\n\n\n\n<figure class=\"wp-block-image size-full\"><a href=\"https:\/\/wordpress.derwegderwoelfe.de\/wp-content\/uploads\/2021\/09\/DSCN0918.jpg\"><img loading=\"lazy\" decoding=\"async\" width=\"800\" height=\"545\" src=\"https:\/\/wordpress.derwegderwoelfe.de\/wp-content\/uploads\/2021\/09\/DSCN0918.jpg\" alt=\"\" class=\"wp-image-2950\" srcset=\"https:\/\/wordpress.derwegderwoelfe.de\/wp-content\/uploads\/2021\/09\/DSCN0918.jpg 800w, https:\/\/wordpress.derwegderwoelfe.de\/wp-content\/uploads\/2021\/09\/DSCN0918-300x204.jpg 300w, https:\/\/wordpress.derwegderwoelfe.de\/wp-content\/uploads\/2021\/09\/DSCN0918-768x523.jpg 768w, https:\/\/wordpress.derwegderwoelfe.de\/wp-content\/uploads\/2021\/09\/DSCN0918-440x300.jpg 440w\" sizes=\"auto, (max-width: 800px) 100vw, 800px\" \/><\/a><\/figure>\n\n\n\n<div class=\"wp-block-columns is-layout-flex wp-container-core-columns-is-layout-9d6595d7 wp-block-columns-is-layout-flex\">\n<div class=\"wp-block-column is-layout-flow wp-block-column-is-layout-flow\" style=\"flex-basis:100%\">\n<div class=\"wp-block-group\"><div class=\"wp-block-group__inner-container is-layout-flow wp-block-group-is-layout-flow\">\n<div class=\"wp-block-columns is-layout-flex wp-container-core-columns-is-layout-9d6595d7 wp-block-columns-is-layout-flex\">\n<div class=\"wp-block-column is-layout-flow wp-block-column-is-layout-flow\" style=\"flex-basis:100%\">\n<div class=\"wp-block-group\"><div class=\"wp-block-group__inner-container is-layout-flow wp-block-group-is-layout-flow\">\n<div class=\"wp-block-columns is-layout-flex wp-container-core-columns-is-layout-9d6595d7 wp-block-columns-is-layout-flex\">\n<div class=\"wp-block-column is-layout-flow wp-block-column-is-layout-flow\" style=\"flex-basis:50%\">\n<figure class=\"wp-block-gallery alignleft columns-1 is-cropped wp-block-gallery-1 is-layout-flex wp-block-gallery-is-layout-flex\"><ul class=\"blocks-gallery-grid\"><li class=\"blocks-gallery-item\"><figure><a href=\"https:\/\/wordpress.derwegderwoelfe.de\/wp-content\/uploads\/2021\/09\/IMG_1493.jpg\"><img loading=\"lazy\" decoding=\"async\" width=\"800\" height=\"609\" src=\"https:\/\/wordpress.derwegderwoelfe.de\/wp-content\/uploads\/2021\/09\/IMG_1493.jpg\" alt=\"\" data-id=\"2948\" class=\"wp-image-2948\" srcset=\"https:\/\/wordpress.derwegderwoelfe.de\/wp-content\/uploads\/2021\/09\/IMG_1493.jpg 800w, https:\/\/wordpress.derwegderwoelfe.de\/wp-content\/uploads\/2021\/09\/IMG_1493-300x228.jpg 300w, https:\/\/wordpress.derwegderwoelfe.de\/wp-content\/uploads\/2021\/09\/IMG_1493-768x585.jpg 768w, https:\/\/wordpress.derwegderwoelfe.de\/wp-content\/uploads\/2021\/09\/IMG_1493-394x300.jpg 394w\" sizes=\"auto, (max-width: 800px) 100vw, 800px\" \/><\/a><figcaption class=\"blocks-gallery-item__caption\">B\u00e4renhaare<\/figcaption><\/figure><\/li><\/ul><\/figure>\n<\/div>\n\n\n\n<div class=\"wp-block-column is-layout-flow wp-block-column-is-layout-flow\" style=\"flex-basis:50%\">\n<figure class=\"wp-block-gallery columns-1 is-cropped wp-block-gallery-2 is-layout-flex wp-block-gallery-is-layout-flex\"><ul class=\"blocks-gallery-grid\"><li class=\"blocks-gallery-item\"><figure><a href=\"https:\/\/wordpress.derwegderwoelfe.de\/wp-content\/uploads\/2021\/09\/IMG_1487.jpg\"><img loading=\"lazy\" decoding=\"async\" width=\"800\" height=\"505\" src=\"https:\/\/wordpress.derwegderwoelfe.de\/wp-content\/uploads\/2021\/09\/IMG_1487.jpg\" alt=\"\" data-id=\"2946\" class=\"wp-image-2946\" srcset=\"https:\/\/wordpress.derwegderwoelfe.de\/wp-content\/uploads\/2021\/09\/IMG_1487.jpg 800w, https:\/\/wordpress.derwegderwoelfe.de\/wp-content\/uploads\/2021\/09\/IMG_1487-300x189.jpg 300w, https:\/\/wordpress.derwegderwoelfe.de\/wp-content\/uploads\/2021\/09\/IMG_1487-768x485.jpg 768w, https:\/\/wordpress.derwegderwoelfe.de\/wp-content\/uploads\/2021\/09\/IMG_1487-475x300.jpg 475w\" sizes=\"auto, (max-width: 800px) 100vw, 800px\" \/><\/a><figcaption class=\"blocks-gallery-item__caption\">Fliegenpilz<\/figcaption><\/figure><\/li><\/ul><\/figure>\n<\/div>\n<\/div>\n<\/div><\/div>\n<\/div>\n<\/div>\n<\/div><\/div>\n<\/div>\n<\/div>\n\n\n\n<figure class=\"wp-block-image size-full\"><a href=\"https:\/\/wordpress.derwegderwoelfe.de\/wp-content\/uploads\/2021\/09\/IMG_1490.jpg\"><img loading=\"lazy\" decoding=\"async\" width=\"800\" height=\"456\" src=\"https:\/\/wordpress.derwegderwoelfe.de\/wp-content\/uploads\/2021\/09\/IMG_1490.jpg\" alt=\"\" class=\"wp-image-2947\" srcset=\"https:\/\/wordpress.derwegderwoelfe.de\/wp-content\/uploads\/2021\/09\/IMG_1490.jpg 800w, https:\/\/wordpress.derwegderwoelfe.de\/wp-content\/uploads\/2021\/09\/IMG_1490-300x171.jpg 300w, https:\/\/wordpress.derwegderwoelfe.de\/wp-content\/uploads\/2021\/09\/IMG_1490-768x438.jpg 768w, https:\/\/wordpress.derwegderwoelfe.de\/wp-content\/uploads\/2021\/09\/IMG_1490-500x285.jpg 500w\" sizes=\"auto, (max-width: 800px) 100vw, 800px\" \/><\/a><\/figure>\n\n\n\n<div class=\"wp-block-group\"><div class=\"wp-block-group__inner-container is-layout-flow wp-block-group-is-layout-flow\">\n<div class=\"wp-block-columns is-layout-flex wp-container-core-columns-is-layout-9d6595d7 wp-block-columns-is-layout-flex\">\n<div class=\"wp-block-column is-layout-flow wp-block-column-is-layout-flow\" style=\"flex-basis:100%\">\n<div class=\"wp-block-group\"><div class=\"wp-block-group__inner-container is-layout-flow wp-block-group-is-layout-flow\">\n<figure class=\"wp-block-gallery columns-3 is-cropped wp-block-gallery-3 is-layout-flex wp-block-gallery-is-layout-flex\"><ul class=\"blocks-gallery-grid\"><li class=\"blocks-gallery-item\"><figure><a href=\"https:\/\/wordpress.derwegderwoelfe.de\/wp-content\/uploads\/2021\/10\/IMG_1498.jpg\"><img loading=\"lazy\" decoding=\"async\" width=\"800\" height=\"449\" src=\"https:\/\/wordpress.derwegderwoelfe.de\/wp-content\/uploads\/2021\/10\/IMG_1498.jpg\" alt=\"\" data-id=\"2956\" data-full-url=\"https:\/\/wordpress.derwegderwoelfe.de\/wp-content\/uploads\/2021\/10\/IMG_1498.jpg\" data-link=\"https:\/\/wordpress.derwegderwoelfe.de\/?attachment_id=2956\" class=\"wp-image-2956\" srcset=\"https:\/\/wordpress.derwegderwoelfe.de\/wp-content\/uploads\/2021\/10\/IMG_1498.jpg 800w, https:\/\/wordpress.derwegderwoelfe.de\/wp-content\/uploads\/2021\/10\/IMG_1498-300x168.jpg 300w, https:\/\/wordpress.derwegderwoelfe.de\/wp-content\/uploads\/2021\/10\/IMG_1498-768x431.jpg 768w, https:\/\/wordpress.derwegderwoelfe.de\/wp-content\/uploads\/2021\/10\/IMG_1498-500x281.jpg 500w\" sizes=\"auto, (max-width: 800px) 100vw, 800px\" \/><\/a><\/figure><\/li><li class=\"blocks-gallery-item\"><figure><a href=\"https:\/\/wordpress.derwegderwoelfe.de\/wp-content\/uploads\/2021\/10\/IMG_1503.jpg\"><img loading=\"lazy\" decoding=\"async\" width=\"800\" height=\"459\" src=\"https:\/\/wordpress.derwegderwoelfe.de\/wp-content\/uploads\/2021\/10\/IMG_1503.jpg\" alt=\"\" data-id=\"2957\" data-full-url=\"https:\/\/wordpress.derwegderwoelfe.de\/wp-content\/uploads\/2021\/10\/IMG_1503.jpg\" data-link=\"https:\/\/wordpress.derwegderwoelfe.de\/?attachment_id=2957\" class=\"wp-image-2957\" srcset=\"https:\/\/wordpress.derwegderwoelfe.de\/wp-content\/uploads\/2021\/10\/IMG_1503.jpg 800w, https:\/\/wordpress.derwegderwoelfe.de\/wp-content\/uploads\/2021\/10\/IMG_1503-300x172.jpg 300w, https:\/\/wordpress.derwegderwoelfe.de\/wp-content\/uploads\/2021\/10\/IMG_1503-768x441.jpg 768w, https:\/\/wordpress.derwegderwoelfe.de\/wp-content\/uploads\/2021\/10\/IMG_1503-500x287.jpg 500w\" sizes=\"auto, (max-width: 800px) 100vw, 800px\" \/><\/a><\/figure><\/li><li class=\"blocks-gallery-item\"><figure><a href=\"https:\/\/wordpress.derwegderwoelfe.de\/wp-content\/uploads\/2021\/10\/IMG_1512.jpg\"><img loading=\"lazy\" decoding=\"async\" width=\"800\" height=\"407\" src=\"https:\/\/wordpress.derwegderwoelfe.de\/wp-content\/uploads\/2021\/10\/IMG_1512.jpg\" alt=\"\" data-id=\"2958\" data-full-url=\"https:\/\/wordpress.derwegderwoelfe.de\/wp-content\/uploads\/2021\/10\/IMG_1512.jpg\" data-link=\"https:\/\/wordpress.derwegderwoelfe.de\/?attachment_id=2958\" class=\"wp-image-2958\" srcset=\"https:\/\/wordpress.derwegderwoelfe.de\/wp-content\/uploads\/2021\/10\/IMG_1512.jpg 800w, https:\/\/wordpress.derwegderwoelfe.de\/wp-content\/uploads\/2021\/10\/IMG_1512-300x153.jpg 300w, https:\/\/wordpress.derwegderwoelfe.de\/wp-content\/uploads\/2021\/10\/IMG_1512-768x391.jpg 768w, https:\/\/wordpress.derwegderwoelfe.de\/wp-content\/uploads\/2021\/10\/IMG_1512-500x254.jpg 500w\" sizes=\"auto, (max-width: 800px) 100vw, 800px\" \/><\/a><\/figure><\/li><li class=\"blocks-gallery-item\"><figure><a href=\"https:\/\/wordpress.derwegderwoelfe.de\/wp-content\/uploads\/2021\/10\/IMG_1530.jpg\"><img loading=\"lazy\" decoding=\"async\" width=\"800\" height=\"521\" src=\"https:\/\/wordpress.derwegderwoelfe.de\/wp-content\/uploads\/2021\/10\/IMG_1530.jpg\" alt=\"\" data-id=\"2959\" data-full-url=\"https:\/\/wordpress.derwegderwoelfe.de\/wp-content\/uploads\/2021\/10\/IMG_1530.jpg\" data-link=\"https:\/\/wordpress.derwegderwoelfe.de\/?attachment_id=2959\" class=\"wp-image-2959\" srcset=\"https:\/\/wordpress.derwegderwoelfe.de\/wp-content\/uploads\/2021\/10\/IMG_1530.jpg 800w, https:\/\/wordpress.derwegderwoelfe.de\/wp-content\/uploads\/2021\/10\/IMG_1530-300x195.jpg 300w, https:\/\/wordpress.derwegderwoelfe.de\/wp-content\/uploads\/2021\/10\/IMG_1530-768x500.jpg 768w, https:\/\/wordpress.derwegderwoelfe.de\/wp-content\/uploads\/2021\/10\/IMG_1530-461x300.jpg 461w\" sizes=\"auto, (max-width: 800px) 100vw, 800px\" \/><\/a><\/figure><\/li><\/ul><\/figure>\n<\/div><\/div>\n\n\n\n<figure class=\"wp-block-video\"><video height=\"1080\" style=\"aspect-ratio: 1920 \/ 1080;\" width=\"1920\" controls src=\"https:\/\/wordpress.derwegderwoelfe.de\/wp-content\/uploads\/2021\/10\/C0163_Trim.mp4\"><\/video><figcaption>Ein Tannenh\u00e4her bei der Arbeit.<\/figcaption><\/figure>\n<\/div>\n<\/div>\n<\/div><\/div>\n\n\n\n<figure class=\"wp-block-video\"><video height=\"720\" style=\"aspect-ratio: 1280 \/ 720;\" width=\"1280\" controls src=\"https:\/\/wordpress.derwegderwoelfe.de\/wp-content\/uploads\/2021\/10\/Turmfalke.mp4\"><\/video><\/figure>\n\n\n\n<figure class=\"wp-block-gallery columns-3 is-cropped wp-block-gallery-4 is-layout-flex wp-block-gallery-is-layout-flex\"><ul class=\"blocks-gallery-grid\"><li class=\"blocks-gallery-item\"><figure><a href=\"https:\/\/wordpress.derwegderwoelfe.de\/wp-content\/uploads\/2021\/10\/DSC03288.jpg\"><img loading=\"lazy\" decoding=\"async\" width=\"800\" height=\"436\" src=\"https:\/\/wordpress.derwegderwoelfe.de\/wp-content\/uploads\/2021\/10\/DSC03288.jpg\" alt=\"\" data-id=\"2968\" data-full-url=\"https:\/\/wordpress.derwegderwoelfe.de\/wp-content\/uploads\/2021\/10\/DSC03288.jpg\" data-link=\"https:\/\/wordpress.derwegderwoelfe.de\/?attachment_id=2968\" class=\"wp-image-2968\" srcset=\"https:\/\/wordpress.derwegderwoelfe.de\/wp-content\/uploads\/2021\/10\/DSC03288.jpg 800w, https:\/\/wordpress.derwegderwoelfe.de\/wp-content\/uploads\/2021\/10\/DSC03288-300x164.jpg 300w, https:\/\/wordpress.derwegderwoelfe.de\/wp-content\/uploads\/2021\/10\/DSC03288-768x419.jpg 768w, https:\/\/wordpress.derwegderwoelfe.de\/wp-content\/uploads\/2021\/10\/DSC03288-500x273.jpg 500w\" sizes=\"auto, (max-width: 800px) 100vw, 800px\" \/><\/a><figcaption class=\"blocks-gallery-item__caption\">Gams mit Jungtier<\/figcaption><\/figure><\/li><li class=\"blocks-gallery-item\"><figure><a href=\"https:\/\/wordpress.derwegderwoelfe.de\/wp-content\/uploads\/2021\/10\/DSC03293.jpg\"><img loading=\"lazy\" decoding=\"async\" width=\"800\" height=\"468\" src=\"https:\/\/wordpress.derwegderwoelfe.de\/wp-content\/uploads\/2021\/10\/DSC03293.jpg\" alt=\"\" data-id=\"2969\" data-full-url=\"https:\/\/wordpress.derwegderwoelfe.de\/wp-content\/uploads\/2021\/10\/DSC03293.jpg\" data-link=\"https:\/\/wordpress.derwegderwoelfe.de\/?attachment_id=2969\" class=\"wp-image-2969\" srcset=\"https:\/\/wordpress.derwegderwoelfe.de\/wp-content\/uploads\/2021\/10\/DSC03293.jpg 800w, https:\/\/wordpress.derwegderwoelfe.de\/wp-content\/uploads\/2021\/10\/DSC03293-300x176.jpg 300w, https:\/\/wordpress.derwegderwoelfe.de\/wp-content\/uploads\/2021\/10\/DSC03293-768x449.jpg 768w, https:\/\/wordpress.derwegderwoelfe.de\/wp-content\/uploads\/2021\/10\/DSC03293-500x293.jpg 500w\" sizes=\"auto, (max-width: 800px) 100vw, 800px\" \/><\/a><figcaption class=\"blocks-gallery-item__caption\">insgesamt habe ich 5 G\u00e4msen gesehen<\/figcaption><\/figure><\/li><li class=\"blocks-gallery-item\"><figure><a href=\"https:\/\/wordpress.derwegderwoelfe.de\/wp-content\/uploads\/2021\/10\/IMG_1542.jpg\"><img loading=\"lazy\" decoding=\"async\" width=\"800\" height=\"449\" src=\"https:\/\/wordpress.derwegderwoelfe.de\/wp-content\/uploads\/2021\/10\/IMG_1542.jpg\" alt=\"\" data-id=\"2970\" data-full-url=\"https:\/\/wordpress.derwegderwoelfe.de\/wp-content\/uploads\/2021\/10\/IMG_1542.jpg\" data-link=\"https:\/\/wordpress.derwegderwoelfe.de\/?attachment_id=2970\" class=\"wp-image-2970\" srcset=\"https:\/\/wordpress.derwegderwoelfe.de\/wp-content\/uploads\/2021\/10\/IMG_1542.jpg 800w, https:\/\/wordpress.derwegderwoelfe.de\/wp-content\/uploads\/2021\/10\/IMG_1542-300x168.jpg 300w, https:\/\/wordpress.derwegderwoelfe.de\/wp-content\/uploads\/2021\/10\/IMG_1542-768x431.jpg 768w, https:\/\/wordpress.derwegderwoelfe.de\/wp-content\/uploads\/2021\/10\/IMG_1542-500x281.jpg 500w\" sizes=\"auto, (max-width: 800px) 100vw, 800px\" \/><\/a><figcaption class=\"blocks-gallery-item__caption\">Pausenplatz im tollen Wald<\/figcaption><\/figure><\/li><li class=\"blocks-gallery-item\"><figure><a href=\"https:\/\/wordpress.derwegderwoelfe.de\/wp-content\/uploads\/2021\/10\/IMG_1543.jpg\"><img loading=\"lazy\" decoding=\"async\" width=\"800\" height=\"514\" src=\"https:\/\/wordpress.derwegderwoelfe.de\/wp-content\/uploads\/2021\/10\/IMG_1543.jpg\" alt=\"\" data-id=\"2971\" data-full-url=\"https:\/\/wordpress.derwegderwoelfe.de\/wp-content\/uploads\/2021\/10\/IMG_1543.jpg\" data-link=\"https:\/\/wordpress.derwegderwoelfe.de\/?attachment_id=2971\" class=\"wp-image-2971\" srcset=\"https:\/\/wordpress.derwegderwoelfe.de\/wp-content\/uploads\/2021\/10\/IMG_1543.jpg 800w, https:\/\/wordpress.derwegderwoelfe.de\/wp-content\/uploads\/2021\/10\/IMG_1543-300x193.jpg 300w, https:\/\/wordpress.derwegderwoelfe.de\/wp-content\/uploads\/2021\/10\/IMG_1543-768x493.jpg 768w, https:\/\/wordpress.derwegderwoelfe.de\/wp-content\/uploads\/2021\/10\/IMG_1543-467x300.jpg 467w\" sizes=\"auto, (max-width: 800px) 100vw, 800px\" \/><\/a><\/figure><\/li><li class=\"blocks-gallery-item\"><figure><a href=\"https:\/\/wordpress.derwegderwoelfe.de\/wp-content\/uploads\/2021\/10\/IMG_1552.jpg\"><img loading=\"lazy\" decoding=\"async\" width=\"800\" height=\"492\" src=\"https:\/\/wordpress.derwegderwoelfe.de\/wp-content\/uploads\/2021\/10\/IMG_1552.jpg\" alt=\"\" data-id=\"2972\" data-full-url=\"https:\/\/wordpress.derwegderwoelfe.de\/wp-content\/uploads\/2021\/10\/IMG_1552.jpg\" data-link=\"https:\/\/wordpress.derwegderwoelfe.de\/?attachment_id=2972\" class=\"wp-image-2972\" srcset=\"https:\/\/wordpress.derwegderwoelfe.de\/wp-content\/uploads\/2021\/10\/IMG_1552.jpg 800w, https:\/\/wordpress.derwegderwoelfe.de\/wp-content\/uploads\/2021\/10\/IMG_1552-300x185.jpg 300w, https:\/\/wordpress.derwegderwoelfe.de\/wp-content\/uploads\/2021\/10\/IMG_1552-768x472.jpg 768w, https:\/\/wordpress.derwegderwoelfe.de\/wp-content\/uploads\/2021\/10\/IMG_1552-488x300.jpg 488w\" sizes=\"auto, (max-width: 800px) 100vw, 800px\" \/><\/a><figcaption class=\"blocks-gallery-item__caption\">Besuch am Sch\u00e4fercamp<\/figcaption><\/figure><\/li><li class=\"blocks-gallery-item\"><figure><a href=\"https:\/\/wordpress.derwegderwoelfe.de\/wp-content\/uploads\/2021\/10\/IMG_1576.jpg\"><img loading=\"lazy\" decoding=\"async\" width=\"800\" height=\"563\" src=\"https:\/\/wordpress.derwegderwoelfe.de\/wp-content\/uploads\/2021\/10\/IMG_1576.jpg\" alt=\"\" data-id=\"2973\" data-full-url=\"https:\/\/wordpress.derwegderwoelfe.de\/wp-content\/uploads\/2021\/10\/IMG_1576.jpg\" data-link=\"https:\/\/wordpress.derwegderwoelfe.de\/?attachment_id=2973\" class=\"wp-image-2973\" srcset=\"https:\/\/wordpress.derwegderwoelfe.de\/wp-content\/uploads\/2021\/10\/IMG_1576.jpg 800w, https:\/\/wordpress.derwegderwoelfe.de\/wp-content\/uploads\/2021\/10\/IMG_1576-300x211.jpg 300w, https:\/\/wordpress.derwegderwoelfe.de\/wp-content\/uploads\/2021\/10\/IMG_1576-768x540.jpg 768w, https:\/\/wordpress.derwegderwoelfe.de\/wp-content\/uploads\/2021\/10\/IMG_1576-426x300.jpg 426w\" sizes=\"auto, (max-width: 800px) 100vw, 800px\" \/><\/a><figcaption class=\"blocks-gallery-item__caption\">weibliches Heupferd<\/figcaption><\/figure><\/li><li class=\"blocks-gallery-item\"><figure><a href=\"https:\/\/wordpress.derwegderwoelfe.de\/wp-content\/uploads\/2021\/10\/IMG_1595.jpg\"><img loading=\"lazy\" decoding=\"async\" width=\"800\" height=\"486\" src=\"https:\/\/wordpress.derwegderwoelfe.de\/wp-content\/uploads\/2021\/10\/IMG_1595.jpg\" alt=\"\" data-id=\"2974\" data-full-url=\"https:\/\/wordpress.derwegderwoelfe.de\/wp-content\/uploads\/2021\/10\/IMG_1595.jpg\" data-link=\"https:\/\/wordpress.derwegderwoelfe.de\/?attachment_id=2974\" class=\"wp-image-2974\" srcset=\"https:\/\/wordpress.derwegderwoelfe.de\/wp-content\/uploads\/2021\/10\/IMG_1595.jpg 800w, https:\/\/wordpress.derwegderwoelfe.de\/wp-content\/uploads\/2021\/10\/IMG_1595-300x182.jpg 300w, https:\/\/wordpress.derwegderwoelfe.de\/wp-content\/uploads\/2021\/10\/IMG_1595-768x467.jpg 768w, https:\/\/wordpress.derwegderwoelfe.de\/wp-content\/uploads\/2021\/10\/IMG_1595-494x300.jpg 494w\" sizes=\"auto, (max-width: 800px) 100vw, 800px\" \/><\/a><figcaption class=\"blocks-gallery-item__caption\">Herbstkrokus<\/figcaption><\/figure><\/li><li class=\"blocks-gallery-item\"><figure><a href=\"https:\/\/wordpress.derwegderwoelfe.de\/wp-content\/uploads\/2021\/10\/IMG_1607.jpg\"><img loading=\"lazy\" decoding=\"async\" width=\"800\" height=\"510\" src=\"https:\/\/wordpress.derwegderwoelfe.de\/wp-content\/uploads\/2021\/10\/IMG_1607.jpg\" alt=\"\" data-id=\"2975\" data-full-url=\"https:\/\/wordpress.derwegderwoelfe.de\/wp-content\/uploads\/2021\/10\/IMG_1607.jpg\" data-link=\"https:\/\/wordpress.derwegderwoelfe.de\/?attachment_id=2975\" class=\"wp-image-2975\" srcset=\"https:\/\/wordpress.derwegderwoelfe.de\/wp-content\/uploads\/2021\/10\/IMG_1607.jpg 800w, https:\/\/wordpress.derwegderwoelfe.de\/wp-content\/uploads\/2021\/10\/IMG_1607-300x191.jpg 300w, https:\/\/wordpress.derwegderwoelfe.de\/wp-content\/uploads\/2021\/10\/IMG_1607-768x490.jpg 768w, https:\/\/wordpress.derwegderwoelfe.de\/wp-content\/uploads\/2021\/10\/IMG_1607-471x300.jpg 471w\" sizes=\"auto, (max-width: 800px) 100vw, 800px\" \/><\/a><figcaption class=\"blocks-gallery-item__caption\">Karpatenglockenblume<\/figcaption><\/figure><\/li><li class=\"blocks-gallery-item\"><figure><a href=\"https:\/\/wordpress.derwegderwoelfe.de\/wp-content\/uploads\/2021\/10\/IMG_1609.jpg\"><img loading=\"lazy\" decoding=\"async\" width=\"552\" height=\"800\" src=\"https:\/\/wordpress.derwegderwoelfe.de\/wp-content\/uploads\/2021\/10\/IMG_1609.jpg\" alt=\"\" data-id=\"2976\" data-full-url=\"https:\/\/wordpress.derwegderwoelfe.de\/wp-content\/uploads\/2021\/10\/IMG_1609.jpg\" data-link=\"https:\/\/wordpress.derwegderwoelfe.de\/?attachment_id=2976\" class=\"wp-image-2976\" srcset=\"https:\/\/wordpress.derwegderwoelfe.de\/wp-content\/uploads\/2021\/10\/IMG_1609.jpg 552w, https:\/\/wordpress.derwegderwoelfe.de\/wp-content\/uploads\/2021\/10\/IMG_1609-207x300.jpg 207w\" sizes=\"auto, (max-width: 552px) 100vw, 552px\" \/><\/a><figcaption class=\"blocks-gallery-item__caption\">Wanderung durch die Schlucht<\/figcaption><\/figure><\/li><\/ul><\/figure>\n\n\n\n<figure class=\"wp-block-video\"><video height=\"1080\" style=\"aspect-ratio: 1920 \/ 1080;\" width=\"1920\" controls src=\"https:\/\/wordpress.derwegderwoelfe.de\/wp-content\/uploads\/2021\/10\/C0170_Trim.mp4\"><\/video><figcaption>Hier ein kurzes Ausschnitt der G\u00e4msen die ich oberhalb der Schlucht entdeckt und gefilmt habe.<\/figcaption><\/figure>\n\n\n\n<figure class=\"wp-block-gallery columns-3 is-cropped wp-block-gallery-5 is-layout-flex wp-block-gallery-is-layout-flex\"><ul class=\"blocks-gallery-grid\"><li class=\"blocks-gallery-item\"><figure><a href=\"https:\/\/wordpress.derwegderwoelfe.de\/wp-content\/uploads\/2021\/10\/DSCN0935.jpg\"><img loading=\"lazy\" decoding=\"async\" width=\"1024\" height=\"633\" src=\"https:\/\/wordpress.derwegderwoelfe.de\/wp-content\/uploads\/2021\/10\/DSCN0935-1024x633.jpg\" alt=\"\" data-id=\"2985\" data-full-url=\"https:\/\/wordpress.derwegderwoelfe.de\/wp-content\/uploads\/2021\/10\/DSCN0935.jpg\" data-link=\"https:\/\/wordpress.derwegderwoelfe.de\/?attachment_id=2985\" class=\"wp-image-2985\" srcset=\"https:\/\/wordpress.derwegderwoelfe.de\/wp-content\/uploads\/2021\/10\/DSCN0935-1024x633.jpg 1024w, https:\/\/wordpress.derwegderwoelfe.de\/wp-content\/uploads\/2021\/10\/DSCN0935-300x186.jpg 300w, https:\/\/wordpress.derwegderwoelfe.de\/wp-content\/uploads\/2021\/10\/DSCN0935-768x475.jpg 768w, https:\/\/wordpress.derwegderwoelfe.de\/wp-content\/uploads\/2021\/10\/DSCN0935-1536x950.jpg 1536w, https:\/\/wordpress.derwegderwoelfe.de\/wp-content\/uploads\/2021\/10\/DSCN0935-2048x1267.jpg 2048w, https:\/\/wordpress.derwegderwoelfe.de\/wp-content\/uploads\/2021\/10\/DSCN0935-485x300.jpg 485w\" sizes=\"auto, (max-width: 1024px) 100vw, 1024px\" \/><\/a><figcaption class=\"blocks-gallery-item__caption\">die Herbstfarben sind mittlerweile kr\u00e4ftig ausgepr\u00e4gt<\/figcaption><\/figure><\/li><li class=\"blocks-gallery-item\"><figure><a href=\"https:\/\/wordpress.derwegderwoelfe.de\/wp-content\/uploads\/2021\/10\/HVEU0012.jpg\"><img loading=\"lazy\" decoding=\"async\" width=\"800\" height=\"600\" src=\"https:\/\/wordpress.derwegderwoelfe.de\/wp-content\/uploads\/2021\/10\/HVEU0012.jpg\" alt=\"\" data-id=\"2986\" data-full-url=\"https:\/\/wordpress.derwegderwoelfe.de\/wp-content\/uploads\/2021\/10\/HVEU0012.jpg\" data-link=\"https:\/\/wordpress.derwegderwoelfe.de\/?attachment_id=2986\" class=\"wp-image-2986\" srcset=\"https:\/\/wordpress.derwegderwoelfe.de\/wp-content\/uploads\/2021\/10\/HVEU0012.jpg 800w, https:\/\/wordpress.derwegderwoelfe.de\/wp-content\/uploads\/2021\/10\/HVEU0012-300x225.jpg 300w, https:\/\/wordpress.derwegderwoelfe.de\/wp-content\/uploads\/2021\/10\/HVEU0012-768x576.jpg 768w, https:\/\/wordpress.derwegderwoelfe.de\/wp-content\/uploads\/2021\/10\/HVEU0012-400x300.jpg 400w\" sizes=\"auto, (max-width: 800px) 100vw, 800px\" \/><\/a><figcaption class=\"blocks-gallery-item__caption\">Wildschwein in der Wildkamera<\/figcaption><\/figure><\/li><li class=\"blocks-gallery-item\"><figure><a href=\"https:\/\/wordpress.derwegderwoelfe.de\/wp-content\/uploads\/2021\/10\/HVEU0022.jpg\"><img loading=\"lazy\" decoding=\"async\" width=\"800\" height=\"600\" src=\"https:\/\/wordpress.derwegderwoelfe.de\/wp-content\/uploads\/2021\/10\/HVEU0022.jpg\" alt=\"\" data-id=\"2987\" data-full-url=\"https:\/\/wordpress.derwegderwoelfe.de\/wp-content\/uploads\/2021\/10\/HVEU0022.jpg\" data-link=\"https:\/\/wordpress.derwegderwoelfe.de\/?attachment_id=2987\" class=\"wp-image-2987\" srcset=\"https:\/\/wordpress.derwegderwoelfe.de\/wp-content\/uploads\/2021\/10\/HVEU0022.jpg 800w, https:\/\/wordpress.derwegderwoelfe.de\/wp-content\/uploads\/2021\/10\/HVEU0022-300x225.jpg 300w, https:\/\/wordpress.derwegderwoelfe.de\/wp-content\/uploads\/2021\/10\/HVEU0022-768x576.jpg 768w, https:\/\/wordpress.derwegderwoelfe.de\/wp-content\/uploads\/2021\/10\/HVEU0022-400x300.jpg 400w\" sizes=\"auto, (max-width: 800px) 100vw, 800px\" \/><\/a><figcaption class=\"blocks-gallery-item__caption\">schon wieder schaut ein Hirsch zur Kamera<\/figcaption><\/figure><\/li><li class=\"blocks-gallery-item\"><figure><a href=\"https:\/\/wordpress.derwegderwoelfe.de\/wp-content\/uploads\/2021\/10\/IMG_1624.jpg\"><img loading=\"lazy\" decoding=\"async\" width=\"800\" height=\"449\" src=\"https:\/\/wordpress.derwegderwoelfe.de\/wp-content\/uploads\/2021\/10\/IMG_1624.jpg\" alt=\"\" data-id=\"2988\" data-full-url=\"https:\/\/wordpress.derwegderwoelfe.de\/wp-content\/uploads\/2021\/10\/IMG_1624.jpg\" data-link=\"https:\/\/wordpress.derwegderwoelfe.de\/?attachment_id=2988\" class=\"wp-image-2988\" srcset=\"https:\/\/wordpress.derwegderwoelfe.de\/wp-content\/uploads\/2021\/10\/IMG_1624.jpg 800w, https:\/\/wordpress.derwegderwoelfe.de\/wp-content\/uploads\/2021\/10\/IMG_1624-300x168.jpg 300w, https:\/\/wordpress.derwegderwoelfe.de\/wp-content\/uploads\/2021\/10\/IMG_1624-768x431.jpg 768w, https:\/\/wordpress.derwegderwoelfe.de\/wp-content\/uploads\/2021\/10\/IMG_1624-500x281.jpg 500w\" sizes=\"auto, (max-width: 800px) 100vw, 800px\" \/><\/a><figcaption class=\"blocks-gallery-item__caption\">wahrscheinlich von einem Wolf<\/figcaption><\/figure><\/li><li class=\"blocks-gallery-item\"><figure><a href=\"https:\/\/wordpress.derwegderwoelfe.de\/wp-content\/uploads\/2021\/10\/IMG_1630.jpg\"><img loading=\"lazy\" decoding=\"async\" width=\"800\" height=\"862\" src=\"https:\/\/wordpress.derwegderwoelfe.de\/wp-content\/uploads\/2021\/10\/IMG_1630.jpg\" alt=\"\" data-id=\"2989\" data-full-url=\"https:\/\/wordpress.derwegderwoelfe.de\/wp-content\/uploads\/2021\/10\/IMG_1630.jpg\" data-link=\"https:\/\/wordpress.derwegderwoelfe.de\/?attachment_id=2989\" class=\"wp-image-2989\" srcset=\"https:\/\/wordpress.derwegderwoelfe.de\/wp-content\/uploads\/2021\/10\/IMG_1630.jpg 800w, https:\/\/wordpress.derwegderwoelfe.de\/wp-content\/uploads\/2021\/10\/IMG_1630-278x300.jpg 278w, https:\/\/wordpress.derwegderwoelfe.de\/wp-content\/uploads\/2021\/10\/IMG_1630-768x828.jpg 768w\" sizes=\"auto, (max-width: 800px) 100vw, 800px\" \/><\/a><figcaption class=\"blocks-gallery-item__caption\">die kleinen kugeligen Pilze, toll<\/figcaption><\/figure><\/li><li class=\"blocks-gallery-item\"><figure><a href=\"https:\/\/wordpress.derwegderwoelfe.de\/wp-content\/uploads\/2021\/10\/IMG_1636.jpg\"><img loading=\"lazy\" decoding=\"async\" width=\"800\" height=\"449\" src=\"https:\/\/wordpress.derwegderwoelfe.de\/wp-content\/uploads\/2021\/10\/IMG_1636.jpg\" alt=\"\" data-id=\"2990\" data-full-url=\"https:\/\/wordpress.derwegderwoelfe.de\/wp-content\/uploads\/2021\/10\/IMG_1636.jpg\" data-link=\"https:\/\/wordpress.derwegderwoelfe.de\/?attachment_id=2990\" class=\"wp-image-2990\" srcset=\"https:\/\/wordpress.derwegderwoelfe.de\/wp-content\/uploads\/2021\/10\/IMG_1636.jpg 800w, https:\/\/wordpress.derwegderwoelfe.de\/wp-content\/uploads\/2021\/10\/IMG_1636-300x168.jpg 300w, https:\/\/wordpress.derwegderwoelfe.de\/wp-content\/uploads\/2021\/10\/IMG_1636-768x431.jpg 768w, https:\/\/wordpress.derwegderwoelfe.de\/wp-content\/uploads\/2021\/10\/IMG_1636-500x281.jpg 500w\" sizes=\"auto, (max-width: 800px) 100vw, 800px\" \/><\/a><figcaption class=\"blocks-gallery-item__caption\">sch\u00f6ne B\u00e4renspur, Vorder- und Hintertazte<\/figcaption><\/figure><\/li><li class=\"blocks-gallery-item\"><figure><a href=\"https:\/\/wordpress.derwegderwoelfe.de\/wp-content\/uploads\/2021\/10\/IMG_1644.jpg\"><img loading=\"lazy\" decoding=\"async\" width=\"800\" height=\"449\" src=\"https:\/\/wordpress.derwegderwoelfe.de\/wp-content\/uploads\/2021\/10\/IMG_1644.jpg\" alt=\"\" data-id=\"2991\" data-full-url=\"https:\/\/wordpress.derwegderwoelfe.de\/wp-content\/uploads\/2021\/10\/IMG_1644.jpg\" data-link=\"https:\/\/wordpress.derwegderwoelfe.de\/?attachment_id=2991\" class=\"wp-image-2991\" srcset=\"https:\/\/wordpress.derwegderwoelfe.de\/wp-content\/uploads\/2021\/10\/IMG_1644.jpg 800w, https:\/\/wordpress.derwegderwoelfe.de\/wp-content\/uploads\/2021\/10\/IMG_1644-300x168.jpg 300w, https:\/\/wordpress.derwegderwoelfe.de\/wp-content\/uploads\/2021\/10\/IMG_1644-768x431.jpg 768w, https:\/\/wordpress.derwegderwoelfe.de\/wp-content\/uploads\/2021\/10\/IMG_1644-500x281.jpg 500w\" sizes=\"auto, (max-width: 800px) 100vw, 800px\" \/><\/a><figcaption class=\"blocks-gallery-item__caption\">oben hat es wieder geschneit<\/figcaption><\/figure><\/li><li class=\"blocks-gallery-item\"><figure><a href=\"https:\/\/wordpress.derwegderwoelfe.de\/wp-content\/uploads\/2021\/10\/IMG_1674.jpg\"><img loading=\"lazy\" decoding=\"async\" width=\"800\" height=\"308\" src=\"https:\/\/wordpress.derwegderwoelfe.de\/wp-content\/uploads\/2021\/10\/IMG_1674.jpg\" alt=\"\" data-id=\"2992\" data-full-url=\"https:\/\/wordpress.derwegderwoelfe.de\/wp-content\/uploads\/2021\/10\/IMG_1674.jpg\" data-link=\"https:\/\/wordpress.derwegderwoelfe.de\/?attachment_id=2992\" class=\"wp-image-2992\" srcset=\"https:\/\/wordpress.derwegderwoelfe.de\/wp-content\/uploads\/2021\/10\/IMG_1674.jpg 800w, https:\/\/wordpress.derwegderwoelfe.de\/wp-content\/uploads\/2021\/10\/IMG_1674-300x116.jpg 300w, https:\/\/wordpress.derwegderwoelfe.de\/wp-content\/uploads\/2021\/10\/IMG_1674-768x296.jpg 768w, https:\/\/wordpress.derwegderwoelfe.de\/wp-content\/uploads\/2021\/10\/IMG_1674-500x193.jpg 500w\" sizes=\"auto, (max-width: 800px) 100vw, 800px\" \/><\/a><figcaption class=\"blocks-gallery-item__caption\">Panorama gro\u00dfer und kleiner K\u00f6nigstein, Piatra Craiului<\/figcaption><\/figure><\/li><li class=\"blocks-gallery-item\"><figure><a href=\"https:\/\/wordpress.derwegderwoelfe.de\/wp-content\/uploads\/2021\/10\/IMG_1688.jpg\"><img loading=\"lazy\" decoding=\"async\" width=\"800\" height=\"540\" src=\"https:\/\/wordpress.derwegderwoelfe.de\/wp-content\/uploads\/2021\/10\/IMG_1688.jpg\" alt=\"\" data-id=\"2993\" data-full-url=\"https:\/\/wordpress.derwegderwoelfe.de\/wp-content\/uploads\/2021\/10\/IMG_1688.jpg\" data-link=\"https:\/\/wordpress.derwegderwoelfe.de\/?attachment_id=2993\" class=\"wp-image-2993\" srcset=\"https:\/\/wordpress.derwegderwoelfe.de\/wp-content\/uploads\/2021\/10\/IMG_1688.jpg 800w, https:\/\/wordpress.derwegderwoelfe.de\/wp-content\/uploads\/2021\/10\/IMG_1688-300x203.jpg 300w, https:\/\/wordpress.derwegderwoelfe.de\/wp-content\/uploads\/2021\/10\/IMG_1688-768x518.jpg 768w, https:\/\/wordpress.derwegderwoelfe.de\/wp-content\/uploads\/2021\/10\/IMG_1688-444x300.jpg 444w\" sizes=\"auto, (max-width: 800px) 100vw, 800px\" \/><\/a><figcaption class=\"blocks-gallery-item__caption\">und wir finden noch immer Feuersalamander, bei etwa 4\u00b0C<\/figcaption><\/figure><\/li><li class=\"blocks-gallery-item\"><figure><a href=\"https:\/\/wordpress.derwegderwoelfe.de\/wp-content\/uploads\/2021\/10\/IMG_1690.jpg\"><img loading=\"lazy\" decoding=\"async\" width=\"800\" height=\"508\" src=\"https:\/\/wordpress.derwegderwoelfe.de\/wp-content\/uploads\/2021\/10\/IMG_1690.jpg\" alt=\"\" data-id=\"2994\" data-full-url=\"https:\/\/wordpress.derwegderwoelfe.de\/wp-content\/uploads\/2021\/10\/IMG_1690.jpg\" data-link=\"https:\/\/wordpress.derwegderwoelfe.de\/?attachment_id=2994\" class=\"wp-image-2994\" srcset=\"https:\/\/wordpress.derwegderwoelfe.de\/wp-content\/uploads\/2021\/10\/IMG_1690.jpg 800w, https:\/\/wordpress.derwegderwoelfe.de\/wp-content\/uploads\/2021\/10\/IMG_1690-300x191.jpg 300w, https:\/\/wordpress.derwegderwoelfe.de\/wp-content\/uploads\/2021\/10\/IMG_1690-768x488.jpg 768w, https:\/\/wordpress.derwegderwoelfe.de\/wp-content\/uploads\/2021\/10\/IMG_1690-472x300.jpg 472w\" sizes=\"auto, (max-width: 800px) 100vw, 800px\" \/><\/a><figcaption class=\"blocks-gallery-item__caption\">in der letzten Woche hatten wir viel Nebel und es war nass-kalt. <\/figcaption><\/figure><\/li><\/ul><figcaption class=\"blocks-gallery-caption\">Das sind die letzten Bilder von den gef\u00fchrten Exkursionen. <\/figcaption><\/figure>\n\n\n\n<p>Jetzt habe ich noch ein paar Tage hier und probiere die ersten Onlineschulbesuche aus den Karpaten aus. <\/p>\n","protected":false},"excerpt":{"rendered":"<p>Nach 2 Jahren bin ich wieder in den Karpaten unterwegs, in meinem ehemaligem Forschungsgebiet rund um Kronstadt, Piatra Craiului und Buzegi Gebirge. Warum fahre ich nach so vielen Jahren noch immer hier her? Tja, gute Frage, denn es gibt so &hellip; <a class=\"more-link\" href=\"https:\/\/wordpress.derwegderwoelfe.de\/?p=2882\">Weiterlesen <span class=\"meta-nav\">&rarr;<\/span><\/a><\/p>\n","protected":false},"author":1,"featured_media":0,"comment_status":"closed","ping_status":"closed","sticky":false,"template":"","format":"standard","meta":{"footnotes":""},"categories":[1],"tags":[],"class_list":["post-2882","post","type-post","status-publish","format-standard","hentry","category-uncategorized"],"_links":{"self":[{"href":"https:\/\/wordpress.derwegderwoelfe.de\/index.php?rest_route=\/wp\/v2\/posts\/2882","targetHints":{"allow":["GET"]}}],"collection":[{"href":"https:\/\/wordpress.derwegderwoelfe.de\/index.php?rest_route=\/wp\/v2\/posts"}],"about":[{"href":"https:\/\/wordpress.derwegderwoelfe.de\/index.php?rest_route=\/wp\/v2\/types\/post"}],"author":[{"embeddable":true,"href":"https:\/\/wordpress.derwegderwoelfe.de\/index.php?rest_route=\/wp\/v2\/users\/1"}],"replies":[{"embeddable":true,"href":"https:\/\/wordpress.derwegderwoelfe.de\/index.php?rest_route=%2Fwp%2Fv2%2Fcomments&post=2882"}],"version-history":[{"count":25,"href":"https:\/\/wordpress.derwegderwoelfe.de\/index.php?rest_route=\/wp\/v2\/posts\/2882\/revisions"}],"predecessor-version":[{"id":2995,"href":"https:\/\/wordpress.derwegderwoelfe.de\/index.php?rest_route=\/wp\/v2\/posts\/2882\/revisions\/2995"}],"wp:attachment":[{"href":"https:\/\/wordpress.derwegderwoelfe.de\/index.php?rest_route=%2Fwp%2Fv2%2Fmedia&parent=2882"}],"wp:term":[{"taxonomy":"category","embeddable":true,"href":"https:\/\/wordpress.derwegderwoelfe.de\/index.php?rest_route=%2Fwp%2Fv2%2Fcategories&post=2882"},{"taxonomy":"post_tag","embeddable":true,"href":"https:\/\/wordpress.derwegderwoelfe.de\/index.php?rest_route=%2Fwp%2Fv2%2Ftags&post=2882"}],"curies":[{"name":"wp","href":"https:\/\/api.w.org\/{rel}","templated":true}]}}