{"id":3069,"date":"2022-05-06T15:50:40","date_gmt":"2022-05-06T14:50:40","guid":{"rendered":"https:\/\/wordpress.derwegderwoelfe.de\/?p=3069"},"modified":"2022-07-13T20:16:24","modified_gmt":"2022-07-13T19:16:24","slug":"blog-expedition-deutschland-2022","status":"publish","type":"post","link":"https:\/\/wordpress.derwegderwoelfe.de\/?p=3069","title":{"rendered":"Blog: Expedition Deutschland 2022"},"content":{"rendered":"\n<p>Abschluss und viel zu sp\u00e4t.<\/p>\n\n\n\n<p>Wenn ich am Ende einer Expedition noch ein Ende oder eine Art Zusammenfassung zeigen m\u00f6chte, muss ich diese zuk\u00fcnftig noch w\u00e4hrend ich im Expeditionsmodus bin machen. Also bevor ich wieder zuhause bin. Das dauert wie jetzt sonst ewig, weil ich zuhause von zu vielen anderen Dingen und Projekten eingeholt werde. Hier ist eine Zusammenfassung, fast eher ein kleines Res\u00fcmee von der Expedition die f\u00fcr mich auch einen starken experimentalen Charakter hatte. <\/p>\n\n\n\n<figure class=\"wp-block-embed is-type-video is-provider-vimeo wp-block-embed-vimeo\"><div class=\"wp-block-embed__wrapper\">\n<iframe loading=\"lazy\" title=\"Expedition D 2022 klein\" src=\"https:\/\/player.vimeo.com\/video\/729729253?h=999571fa08&amp;dnt=1&amp;app_id=122963\" width=\"940\" height=\"529\" frameborder=\"0\" allow=\"autoplay; fullscreen; picture-in-picture\" allowfullscreen><\/iframe>\n<\/div><\/figure>\n\n\n\n<p>Montag\/Dienstag 6.-7.Juni<\/p>\n\n\n\n<p>An beiden Tagen bin ich schon kurz nach 5Uhr aus den Federn gesprungen und bin noch dem Fr\u00fchst\u00fcck unterwegs gewesen. Ich liebe es versteckte Wildtiere zu entdecken, ohne sie zu st\u00f6ren. Das Reh war im hohen Gras kaum zu sehen.<\/p>\n\n\n\n<p>Am Montag bin ich zu Kenny Kenner und dem Biohotel bei G\u00f6hrde gefahren. Er hatte mich eingeladen vorbeizukommen, wenn ich in der N\u00e4he bin. Wir haben uns sehr lange unterhalten, solange, dass ich erst sp\u00e4te eine kleine Wanderung unternehmen konnte. Da war es dann zu dunkel zu fotografieren. Ich habe allerdings einen Rehbock und einen Hasen angetroffen. Kenny ist sehr aktiv im Wolfsmonitoring und hat mir noch erz\u00e4hlt, dass der R\u00fcde vom aktuellen Rudel aus der Alpenpopulation stammt. Bedeutet es kommt mittlerweile auch zum genetischen Austausch in Norddeutschland mit der Alpenpopulation. Nat\u00fcrlich hat er noch viel mehr von den lokalen W\u00f6lfen und vieles mehr erz\u00e4hlt. Die Philosophie von seinem Biohotel, dass er mit seiner Frau, der Barbara aufgebaut hat und der ganzen Geschichte gef\u00e4llt mir ebenfalls sehr gut. Ich kann es nur empfehlen. Am Dienstag fr\u00fch haben wir uns beim Fr\u00fchst\u00fcck noch weiter unterhalten. Dann bin ich nochmals an die Elbe gefahren und habe mich in einer der vielen kleinen Buchten ans Ufer gesetzt und den Flussregenpfeifer beobachtet. Zus\u00e4tzlich den Bildern habe ich auch kleinen Videoclips gemacht. Daraus werde ich einen kurzen Film schneiden. Eigentlich bin ich damit heute schon ans Ende meiner kleinen Tour entlang der Elbe angekommen. Morgen mache ich einen gro\u00dfen Sprung und fahre bis ins Goldenstedt.&nbsp; Dort gibt es auch ein Wolfsrudel, aber auch Familie. &nbsp;<\/p>\n\n\n\n<figure class=\"wp-block-video\"><video height=\"1080\" style=\"aspect-ratio: 1920 \/ 1080;\" width=\"1920\" controls src=\"https:\/\/wordpress.derwegderwoelfe.de\/wp-content\/uploads\/2022\/05\/Hase01_Trim.mp4\"><\/video><\/figure>\n\n\n\n<figure class=\"wp-block-gallery has-nested-images columns-default is-cropped wp-block-gallery-1 is-layout-flex wp-block-gallery-is-layout-flex\">\n<figure class=\"wp-block-image size-large\"><a href=\"https:\/\/wordpress.derwegderwoelfe.de\/wp-content\/uploads\/2022\/05\/IMG_2905.jpg\"><img loading=\"lazy\" decoding=\"async\" width=\"1500\" height=\"1040\" data-id=\"3142\" src=\"https:\/\/wordpress.derwegderwoelfe.de\/wp-content\/uploads\/2022\/05\/IMG_2905.jpg\" alt=\"\" class=\"wp-image-3142\" srcset=\"https:\/\/wordpress.derwegderwoelfe.de\/wp-content\/uploads\/2022\/05\/IMG_2905.jpg 1500w, https:\/\/wordpress.derwegderwoelfe.de\/wp-content\/uploads\/2022\/05\/IMG_2905-300x208.jpg 300w, https:\/\/wordpress.derwegderwoelfe.de\/wp-content\/uploads\/2022\/05\/IMG_2905-1024x710.jpg 1024w, https:\/\/wordpress.derwegderwoelfe.de\/wp-content\/uploads\/2022\/05\/IMG_2905-768x532.jpg 768w, https:\/\/wordpress.derwegderwoelfe.de\/wp-content\/uploads\/2022\/05\/IMG_2905-433x300.jpg 433w\" sizes=\"auto, (max-width: 1500px) 100vw, 1500px\" \/><\/a><figcaption>Goldammer<\/figcaption><\/figure>\n\n\n\n<figure class=\"wp-block-image size-large\"><a href=\"https:\/\/wordpress.derwegderwoelfe.de\/wp-content\/uploads\/2022\/05\/IMG_2923.jpg\"><img loading=\"lazy\" decoding=\"async\" width=\"1000\" height=\"573\" data-id=\"3143\" src=\"https:\/\/wordpress.derwegderwoelfe.de\/wp-content\/uploads\/2022\/05\/IMG_2923.jpg\" alt=\"\" class=\"wp-image-3143\" srcset=\"https:\/\/wordpress.derwegderwoelfe.de\/wp-content\/uploads\/2022\/05\/IMG_2923.jpg 1000w, https:\/\/wordpress.derwegderwoelfe.de\/wp-content\/uploads\/2022\/05\/IMG_2923-300x172.jpg 300w, https:\/\/wordpress.derwegderwoelfe.de\/wp-content\/uploads\/2022\/05\/IMG_2923-768x440.jpg 768w, https:\/\/wordpress.derwegderwoelfe.de\/wp-content\/uploads\/2022\/05\/IMG_2923-500x287.jpg 500w\" sizes=\"auto, (max-width: 1000px) 100vw, 1000px\" \/><\/a><figcaption>Wer erkennt das Tier?<\/figcaption><\/figure>\n\n\n\n<figure class=\"wp-block-image size-large\"><a href=\"https:\/\/wordpress.derwegderwoelfe.de\/wp-content\/uploads\/2022\/05\/IMG_2927.jpg\"><img loading=\"lazy\" decoding=\"async\" width=\"1000\" height=\"561\" data-id=\"3144\" src=\"https:\/\/wordpress.derwegderwoelfe.de\/wp-content\/uploads\/2022\/05\/IMG_2927.jpg\" alt=\"\" class=\"wp-image-3144\" srcset=\"https:\/\/wordpress.derwegderwoelfe.de\/wp-content\/uploads\/2022\/05\/IMG_2927.jpg 1000w, https:\/\/wordpress.derwegderwoelfe.de\/wp-content\/uploads\/2022\/05\/IMG_2927-300x168.jpg 300w, https:\/\/wordpress.derwegderwoelfe.de\/wp-content\/uploads\/2022\/05\/IMG_2927-768x431.jpg 768w, https:\/\/wordpress.derwegderwoelfe.de\/wp-content\/uploads\/2022\/05\/IMG_2927-500x281.jpg 500w\" sizes=\"auto, (max-width: 1000px) 100vw, 1000px\" \/><\/a><figcaption>Diesen Eulenfalter muss ich noch identifizieren<\/figcaption><\/figure>\n\n\n\n<figure class=\"wp-block-image size-large\"><a href=\"https:\/\/wordpress.derwegderwoelfe.de\/wp-content\/uploads\/2022\/05\/IMG_2949.jpg\"><img loading=\"lazy\" decoding=\"async\" width=\"1000\" height=\"609\" data-id=\"3145\" src=\"https:\/\/wordpress.derwegderwoelfe.de\/wp-content\/uploads\/2022\/05\/IMG_2949.jpg\" alt=\"\" class=\"wp-image-3145\" srcset=\"https:\/\/wordpress.derwegderwoelfe.de\/wp-content\/uploads\/2022\/05\/IMG_2949.jpg 1000w, https:\/\/wordpress.derwegderwoelfe.de\/wp-content\/uploads\/2022\/05\/IMG_2949-300x183.jpg 300w, https:\/\/wordpress.derwegderwoelfe.de\/wp-content\/uploads\/2022\/05\/IMG_2949-768x468.jpg 768w, https:\/\/wordpress.derwegderwoelfe.de\/wp-content\/uploads\/2022\/05\/IMG_2949-493x300.jpg 493w\" sizes=\"auto, (max-width: 1000px) 100vw, 1000px\" \/><\/a><figcaption>Flussregenpfeifer, den konnte ich l\u00e4nger beobachten.<\/figcaption><\/figure>\n<\/figure>\n\n\n\n<p>Samstag, Sonntag 4.-5.Juni<\/p>\n\n\n\n<p>Ich hatte in der Nacht meine Wildtierkamera am Ufer der Elbe aufgestellt und gestern Abend nochmals \u00fcberpr\u00fcft, ob die Spur im Sand wirklich von einem Fischotter sein k\u00f6nnte. Die Kamera hat es verraten und bei der \u00dcberpr\u00fcfung bin ich schon drauf gesto\u00dfen. Ein Waschb\u00e4r war es. Ein weiteres kleineres Tier sprang ins Bild der Kamera. Leider war es zu unscharf und zu weit entfernt. Am fr\u00fchen Morgen war ich noch in der Elbe ein wenig baden, ohne tiefer reinzugehen. Die Str\u00f6mung erscheint mir t\u00fcckisch. Dann bin ich dem Naturlehrpfad am Hang von Arneburg ein St\u00fcck gefolgt und in den Elbauen zur\u00fcckgewandert. Ein sch\u00f6ner Weg, dass fand der Fuchs dann wohl auch, bis er mich bemerkt hat.&nbsp;<\/p>\n\n\n\n<p>Nach dem zweiten Fr\u00fchst\u00fcck bin ich dann zum Storchendorf R\u00fchst\u00e4dt gefahren, um jetzt auf der anderen Seite an der Elbe wandern zu k\u00f6nnen. Um17Uhr bin ich dann los auf eine l\u00e4ngere Tour. Leider sind die Wege hier zum Wandern nicht gut, weil \u00fcberwiegend asphaltiert oder geschottert. Einen Storch im Nest mit dem Kopf eines Babystorches konnte ich aber fotografieren. Spannend war zu beobachten, dass die Libellen sich auf richtig hei\u00dfen Metallplatten gesetzt haben. Es gab einen ganzen Weg mit solchen Platten.<\/p>\n\n\n\n<p>Am Sonntag habe ich mir die Rieselwiesen bei Perleberg angeschaut und den angrenzenden Wald. Gegen Mittag bin ich wieder \u00fcber die Elbe gefahren ins gr\u00fcne Band. Ehemalige Grenzregion, jetzt ein Naturschutzgebiet., Biosph\u00e4renreservat.<\/p>\n\n\n\n<figure class=\"wp-block-gallery has-nested-images columns-default is-cropped wp-block-gallery-2 is-layout-flex wp-block-gallery-is-layout-flex\">\n<figure class=\"wp-block-image size-large\"><a href=\"https:\/\/wordpress.derwegderwoelfe.de\/wp-content\/uploads\/2022\/05\/IMG_2812.jpg\"><img loading=\"lazy\" decoding=\"async\" width=\"1000\" height=\"709\" data-id=\"3128\" src=\"https:\/\/wordpress.derwegderwoelfe.de\/wp-content\/uploads\/2022\/05\/IMG_2812.jpg\" alt=\"\" class=\"wp-image-3128\" srcset=\"https:\/\/wordpress.derwegderwoelfe.de\/wp-content\/uploads\/2022\/05\/IMG_2812.jpg 1000w, https:\/\/wordpress.derwegderwoelfe.de\/wp-content\/uploads\/2022\/05\/IMG_2812-300x213.jpg 300w, https:\/\/wordpress.derwegderwoelfe.de\/wp-content\/uploads\/2022\/05\/IMG_2812-768x545.jpg 768w, https:\/\/wordpress.derwegderwoelfe.de\/wp-content\/uploads\/2022\/05\/IMG_2812-423x300.jpg 423w\" sizes=\"auto, (max-width: 1000px) 100vw, 1000px\" \/><\/a><figcaption>Braunkehlchen ??<\/figcaption><\/figure>\n\n\n\n<figure class=\"wp-block-image size-large\"><a href=\"https:\/\/wordpress.derwegderwoelfe.de\/wp-content\/uploads\/2022\/05\/IMG_2816-scaled.jpg\"><img loading=\"lazy\" decoding=\"async\" width=\"2560\" height=\"1220\" data-id=\"3129\" src=\"https:\/\/wordpress.derwegderwoelfe.de\/wp-content\/uploads\/2022\/05\/IMG_2816-scaled.jpg\" alt=\"\" class=\"wp-image-3129\" srcset=\"https:\/\/wordpress.derwegderwoelfe.de\/wp-content\/uploads\/2022\/05\/IMG_2816-scaled.jpg 2560w, https:\/\/wordpress.derwegderwoelfe.de\/wp-content\/uploads\/2022\/05\/IMG_2816-300x143.jpg 300w, https:\/\/wordpress.derwegderwoelfe.de\/wp-content\/uploads\/2022\/05\/IMG_2816-1024x488.jpg 1024w, https:\/\/wordpress.derwegderwoelfe.de\/wp-content\/uploads\/2022\/05\/IMG_2816-768x366.jpg 768w, https:\/\/wordpress.derwegderwoelfe.de\/wp-content\/uploads\/2022\/05\/IMG_2816-1536x732.jpg 1536w, https:\/\/wordpress.derwegderwoelfe.de\/wp-content\/uploads\/2022\/05\/IMG_2816-2048x976.jpg 2048w, https:\/\/wordpress.derwegderwoelfe.de\/wp-content\/uploads\/2022\/05\/IMG_2816-500x238.jpg 500w\" sizes=\"auto, (max-width: 2560px) 100vw, 2560px\" \/><\/a><figcaption>gold schimmernder Laufk\u00e4fer<\/figcaption><\/figure>\n\n\n\n<figure class=\"wp-block-image size-large\"><a href=\"https:\/\/wordpress.derwegderwoelfe.de\/wp-content\/uploads\/2022\/05\/IMG_2821.jpg\"><img loading=\"lazy\" decoding=\"async\" width=\"1000\" height=\"561\" data-id=\"3130\" src=\"https:\/\/wordpress.derwegderwoelfe.de\/wp-content\/uploads\/2022\/05\/IMG_2821.jpg\" alt=\"\" class=\"wp-image-3130\" srcset=\"https:\/\/wordpress.derwegderwoelfe.de\/wp-content\/uploads\/2022\/05\/IMG_2821.jpg 1000w, https:\/\/wordpress.derwegderwoelfe.de\/wp-content\/uploads\/2022\/05\/IMG_2821-300x168.jpg 300w, https:\/\/wordpress.derwegderwoelfe.de\/wp-content\/uploads\/2022\/05\/IMG_2821-768x431.jpg 768w, https:\/\/wordpress.derwegderwoelfe.de\/wp-content\/uploads\/2022\/05\/IMG_2821-500x281.jpg 500w\" sizes=\"auto, (max-width: 1000px) 100vw, 1000px\" \/><\/a><figcaption>Der Fuchs hat mich sp\u00e4t bemerkt<\/figcaption><\/figure>\n\n\n\n<figure class=\"wp-block-image size-large\"><a href=\"https:\/\/wordpress.derwegderwoelfe.de\/wp-content\/uploads\/2022\/05\/IMG_2849.jpg\"><img loading=\"lazy\" decoding=\"async\" width=\"1000\" height=\"561\" data-id=\"3131\" src=\"https:\/\/wordpress.derwegderwoelfe.de\/wp-content\/uploads\/2022\/05\/IMG_2849.jpg\" alt=\"\" class=\"wp-image-3131\" srcset=\"https:\/\/wordpress.derwegderwoelfe.de\/wp-content\/uploads\/2022\/05\/IMG_2849.jpg 1000w, https:\/\/wordpress.derwegderwoelfe.de\/wp-content\/uploads\/2022\/05\/IMG_2849-300x168.jpg 300w, https:\/\/wordpress.derwegderwoelfe.de\/wp-content\/uploads\/2022\/05\/IMG_2849-768x431.jpg 768w, https:\/\/wordpress.derwegderwoelfe.de\/wp-content\/uploads\/2022\/05\/IMG_2849-500x281.jpg 500w\" sizes=\"auto, (max-width: 1000px) 100vw, 1000px\" \/><\/a><figcaption>mit Kopf vom kleinen Storch<\/figcaption><\/figure>\n\n\n\n<figure class=\"wp-block-image size-large\"><a href=\"https:\/\/wordpress.derwegderwoelfe.de\/wp-content\/uploads\/2022\/05\/IMG_2855.jpg\"><img loading=\"lazy\" decoding=\"async\" width=\"1000\" height=\"561\" data-id=\"3132\" src=\"https:\/\/wordpress.derwegderwoelfe.de\/wp-content\/uploads\/2022\/05\/IMG_2855.jpg\" alt=\"\" class=\"wp-image-3132\" srcset=\"https:\/\/wordpress.derwegderwoelfe.de\/wp-content\/uploads\/2022\/05\/IMG_2855.jpg 1000w, https:\/\/wordpress.derwegderwoelfe.de\/wp-content\/uploads\/2022\/05\/IMG_2855-300x168.jpg 300w, https:\/\/wordpress.derwegderwoelfe.de\/wp-content\/uploads\/2022\/05\/IMG_2855-768x431.jpg 768w, https:\/\/wordpress.derwegderwoelfe.de\/wp-content\/uploads\/2022\/05\/IMG_2855-500x281.jpg 500w\" sizes=\"auto, (max-width: 1000px) 100vw, 1000px\" \/><\/a><figcaption>Rotmilan<\/figcaption><\/figure>\n\n\n\n<figure class=\"wp-block-image size-large\"><a href=\"https:\/\/wordpress.derwegderwoelfe.de\/wp-content\/uploads\/2022\/05\/IMG_2867.jpg\"><img loading=\"lazy\" decoding=\"async\" width=\"1000\" height=\"604\" data-id=\"3133\" src=\"https:\/\/wordpress.derwegderwoelfe.de\/wp-content\/uploads\/2022\/05\/IMG_2867.jpg\" alt=\"\" class=\"wp-image-3133\" srcset=\"https:\/\/wordpress.derwegderwoelfe.de\/wp-content\/uploads\/2022\/05\/IMG_2867.jpg 1000w, https:\/\/wordpress.derwegderwoelfe.de\/wp-content\/uploads\/2022\/05\/IMG_2867-300x181.jpg 300w, https:\/\/wordpress.derwegderwoelfe.de\/wp-content\/uploads\/2022\/05\/IMG_2867-768x464.jpg 768w, https:\/\/wordpress.derwegderwoelfe.de\/wp-content\/uploads\/2022\/05\/IMG_2867-497x300.jpg 497w\" sizes=\"auto, (max-width: 1000px) 100vw, 1000px\" \/><\/a><\/figure>\n\n\n\n<figure class=\"wp-block-image size-large\"><a href=\"https:\/\/wordpress.derwegderwoelfe.de\/wp-content\/uploads\/2022\/05\/IMG_2879.jpg\"><img loading=\"lazy\" decoding=\"async\" width=\"1000\" height=\"561\" data-id=\"3134\" src=\"https:\/\/wordpress.derwegderwoelfe.de\/wp-content\/uploads\/2022\/05\/IMG_2879.jpg\" alt=\"\" class=\"wp-image-3134\" srcset=\"https:\/\/wordpress.derwegderwoelfe.de\/wp-content\/uploads\/2022\/05\/IMG_2879.jpg 1000w, https:\/\/wordpress.derwegderwoelfe.de\/wp-content\/uploads\/2022\/05\/IMG_2879-300x168.jpg 300w, https:\/\/wordpress.derwegderwoelfe.de\/wp-content\/uploads\/2022\/05\/IMG_2879-768x431.jpg 768w, https:\/\/wordpress.derwegderwoelfe.de\/wp-content\/uploads\/2022\/05\/IMG_2879-500x281.jpg 500w\" sizes=\"auto, (max-width: 1000px) 100vw, 1000px\" \/><\/a><figcaption>irritiertes Reh<\/figcaption><\/figure>\n\n\n\n<figure class=\"wp-block-image size-large\"><a href=\"https:\/\/wordpress.derwegderwoelfe.de\/wp-content\/uploads\/2022\/05\/IMG_2883.jpg\"><img loading=\"lazy\" decoding=\"async\" width=\"1000\" height=\"750\" data-id=\"3135\" src=\"https:\/\/wordpress.derwegderwoelfe.de\/wp-content\/uploads\/2022\/05\/IMG_2883.jpg\" alt=\"\" class=\"wp-image-3135\" srcset=\"https:\/\/wordpress.derwegderwoelfe.de\/wp-content\/uploads\/2022\/05\/IMG_2883.jpg 1000w, https:\/\/wordpress.derwegderwoelfe.de\/wp-content\/uploads\/2022\/05\/IMG_2883-300x225.jpg 300w, https:\/\/wordpress.derwegderwoelfe.de\/wp-content\/uploads\/2022\/05\/IMG_2883-768x576.jpg 768w, https:\/\/wordpress.derwegderwoelfe.de\/wp-content\/uploads\/2022\/05\/IMG_2883-400x300.jpg 400w\" sizes=\"auto, (max-width: 1000px) 100vw, 1000px\" \/><\/a><figcaption>endlich auch ein Neunt\u00f6ter<\/figcaption><\/figure>\n\n\n\n<figure class=\"wp-block-image size-large\"><a href=\"https:\/\/wordpress.derwegderwoelfe.de\/wp-content\/uploads\/2022\/05\/IMG_2885.jpg\"><img loading=\"lazy\" decoding=\"async\" width=\"1000\" height=\"694\" data-id=\"3136\" src=\"https:\/\/wordpress.derwegderwoelfe.de\/wp-content\/uploads\/2022\/05\/IMG_2885.jpg\" alt=\"\" class=\"wp-image-3136\" srcset=\"https:\/\/wordpress.derwegderwoelfe.de\/wp-content\/uploads\/2022\/05\/IMG_2885.jpg 1000w, https:\/\/wordpress.derwegderwoelfe.de\/wp-content\/uploads\/2022\/05\/IMG_2885-300x208.jpg 300w, https:\/\/wordpress.derwegderwoelfe.de\/wp-content\/uploads\/2022\/05\/IMG_2885-768x533.jpg 768w, https:\/\/wordpress.derwegderwoelfe.de\/wp-content\/uploads\/2022\/05\/IMG_2885-432x300.jpg 432w\" sizes=\"auto, (max-width: 1000px) 100vw, 1000px\" \/><\/a><figcaption>Kraniche, mit lauten Rufen<\/figcaption><\/figure>\n\n\n\n<figure class=\"wp-block-image size-large\"><a href=\"https:\/\/wordpress.derwegderwoelfe.de\/wp-content\/uploads\/2022\/05\/IMG_2898.jpg\"><img loading=\"lazy\" decoding=\"async\" width=\"1000\" height=\"238\" data-id=\"3137\" src=\"https:\/\/wordpress.derwegderwoelfe.de\/wp-content\/uploads\/2022\/05\/IMG_2898.jpg\" alt=\"\" class=\"wp-image-3137\" srcset=\"https:\/\/wordpress.derwegderwoelfe.de\/wp-content\/uploads\/2022\/05\/IMG_2898.jpg 1000w, https:\/\/wordpress.derwegderwoelfe.de\/wp-content\/uploads\/2022\/05\/IMG_2898-300x71.jpg 300w, https:\/\/wordpress.derwegderwoelfe.de\/wp-content\/uploads\/2022\/05\/IMG_2898-768x183.jpg 768w, https:\/\/wordpress.derwegderwoelfe.de\/wp-content\/uploads\/2022\/05\/IMG_2898-500x119.jpg 500w\" sizes=\"auto, (max-width: 1000px) 100vw, 1000px\" \/><\/a><figcaption>ganz junge Ringelnatte<\/figcaption><\/figure>\n<\/figure>\n\n\n\n<p>Freitag 3.Juni<\/p>\n\n\n\n<p>Ich musste zun\u00e4chst zur Renault Werstatt wegen der Fehlermeldung im Abgassystem Zum Gl\u00fcck war nur ein Reset bzw. ein Softwareupdate n\u00f6tig, es hat aber den ganzen Vormittag gedauert. Dann konnte ich los und in zwei Waldgebieten wandern gehen. Rehspuren und auch Hirschspuren gab es einige. Ein halbe Reh konnte ich auch fotografieren. Aber auch ein paar Blumen und endlich auch den Pirol. Am Abend bin ich dann in den Elbauen gefahren bei Arneburg wo ich auch \u00fcbernachte. In den Elbauen zu wandern ist ebenfalls spannend. Ganz unerwartet war die Begegnung mit einem Reh. Die Spuren vom Fischotter hatte ich gehofft zu finden. Und es gibt viele V\u00f6gel. Da muss ich dann auch mal nachschauen. Hier die einige Bilder.  <\/p>\n\n\n\n<figure class=\"wp-block-gallery has-nested-images columns-default is-cropped wp-block-gallery-3 is-layout-flex wp-block-gallery-is-layout-flex\">\n<figure class=\"wp-block-image size-large\"><a href=\"https:\/\/wordpress.derwegderwoelfe.de\/wp-content\/uploads\/2022\/05\/IMG_2771.jpg\"><img loading=\"lazy\" decoding=\"async\" width=\"1000\" height=\"692\" data-id=\"3117\" src=\"https:\/\/wordpress.derwegderwoelfe.de\/wp-content\/uploads\/2022\/05\/IMG_2771.jpg\" alt=\"\" class=\"wp-image-3117\" srcset=\"https:\/\/wordpress.derwegderwoelfe.de\/wp-content\/uploads\/2022\/05\/IMG_2771.jpg 1000w, https:\/\/wordpress.derwegderwoelfe.de\/wp-content\/uploads\/2022\/05\/IMG_2771-300x208.jpg 300w, https:\/\/wordpress.derwegderwoelfe.de\/wp-content\/uploads\/2022\/05\/IMG_2771-768x531.jpg 768w, https:\/\/wordpress.derwegderwoelfe.de\/wp-content\/uploads\/2022\/05\/IMG_2771-434x300.jpg 434w\" sizes=\"auto, (max-width: 1000px) 100vw, 1000px\" \/><\/a><figcaption>das halbe Reh<\/figcaption><\/figure>\n\n\n\n<figure class=\"wp-block-image size-large\"><a href=\"https:\/\/wordpress.derwegderwoelfe.de\/wp-content\/uploads\/2022\/05\/IMG_2772.jpg\"><img loading=\"lazy\" decoding=\"async\" width=\"1000\" height=\"561\" data-id=\"3118\" src=\"https:\/\/wordpress.derwegderwoelfe.de\/wp-content\/uploads\/2022\/05\/IMG_2772.jpg\" alt=\"\" class=\"wp-image-3118\" srcset=\"https:\/\/wordpress.derwegderwoelfe.de\/wp-content\/uploads\/2022\/05\/IMG_2772.jpg 1000w, https:\/\/wordpress.derwegderwoelfe.de\/wp-content\/uploads\/2022\/05\/IMG_2772-300x168.jpg 300w, https:\/\/wordpress.derwegderwoelfe.de\/wp-content\/uploads\/2022\/05\/IMG_2772-768x431.jpg 768w, https:\/\/wordpress.derwegderwoelfe.de\/wp-content\/uploads\/2022\/05\/IMG_2772-500x281.jpg 500w\" sizes=\"auto, (max-width: 1000px) 100vw, 1000px\" \/><\/a><figcaption>Wolf oder Hund?<\/figcaption><\/figure>\n\n\n\n<figure class=\"wp-block-image size-large\"><a href=\"https:\/\/wordpress.derwegderwoelfe.de\/wp-content\/uploads\/2022\/05\/IMG_2775.jpg\"><img loading=\"lazy\" decoding=\"async\" width=\"1000\" height=\"745\" data-id=\"3119\" src=\"https:\/\/wordpress.derwegderwoelfe.de\/wp-content\/uploads\/2022\/05\/IMG_2775.jpg\" alt=\"\" class=\"wp-image-3119\" srcset=\"https:\/\/wordpress.derwegderwoelfe.de\/wp-content\/uploads\/2022\/05\/IMG_2775.jpg 1000w, https:\/\/wordpress.derwegderwoelfe.de\/wp-content\/uploads\/2022\/05\/IMG_2775-300x224.jpg 300w, https:\/\/wordpress.derwegderwoelfe.de\/wp-content\/uploads\/2022\/05\/IMG_2775-768x572.jpg 768w, https:\/\/wordpress.derwegderwoelfe.de\/wp-content\/uploads\/2022\/05\/IMG_2775-403x300.jpg 403w\" sizes=\"auto, (max-width: 1000px) 100vw, 1000px\" \/><\/a><\/figure>\n\n\n\n<figure class=\"wp-block-image size-large\"><a href=\"https:\/\/wordpress.derwegderwoelfe.de\/wp-content\/uploads\/2022\/05\/IMG_2779.jpg\"><img loading=\"lazy\" decoding=\"async\" width=\"1000\" height=\"561\" data-id=\"3120\" src=\"https:\/\/wordpress.derwegderwoelfe.de\/wp-content\/uploads\/2022\/05\/IMG_2779.jpg\" alt=\"\" class=\"wp-image-3120\" srcset=\"https:\/\/wordpress.derwegderwoelfe.de\/wp-content\/uploads\/2022\/05\/IMG_2779.jpg 1000w, https:\/\/wordpress.derwegderwoelfe.de\/wp-content\/uploads\/2022\/05\/IMG_2779-300x168.jpg 300w, https:\/\/wordpress.derwegderwoelfe.de\/wp-content\/uploads\/2022\/05\/IMG_2779-768x431.jpg 768w, https:\/\/wordpress.derwegderwoelfe.de\/wp-content\/uploads\/2022\/05\/IMG_2779-500x281.jpg 500w\" sizes=\"auto, (max-width: 1000px) 100vw, 1000px\" \/><\/a><figcaption>auch hier aber zwei Tiere, Wolf oder Hund?<\/figcaption><\/figure>\n\n\n\n<figure class=\"wp-block-image size-large\"><a href=\"https:\/\/wordpress.derwegderwoelfe.de\/wp-content\/uploads\/2022\/05\/IMG_2787.jpg\"><img loading=\"lazy\" decoding=\"async\" width=\"1000\" height=\"746\" data-id=\"3121\" src=\"https:\/\/wordpress.derwegderwoelfe.de\/wp-content\/uploads\/2022\/05\/IMG_2787.jpg\" alt=\"\" class=\"wp-image-3121\" srcset=\"https:\/\/wordpress.derwegderwoelfe.de\/wp-content\/uploads\/2022\/05\/IMG_2787.jpg 1000w, https:\/\/wordpress.derwegderwoelfe.de\/wp-content\/uploads\/2022\/05\/IMG_2787-300x224.jpg 300w, https:\/\/wordpress.derwegderwoelfe.de\/wp-content\/uploads\/2022\/05\/IMG_2787-768x573.jpg 768w, https:\/\/wordpress.derwegderwoelfe.de\/wp-content\/uploads\/2022\/05\/IMG_2787-402x300.jpg 402w\" sizes=\"auto, (max-width: 1000px) 100vw, 1000px\" \/><\/a><figcaption>Der Pirol<\/figcaption><\/figure>\n\n\n\n<figure class=\"wp-block-image size-large\"><a href=\"https:\/\/wordpress.derwegderwoelfe.de\/wp-content\/uploads\/2022\/05\/IMG_2802.jpg\"><img loading=\"lazy\" decoding=\"async\" width=\"1000\" height=\"936\" data-id=\"3122\" src=\"https:\/\/wordpress.derwegderwoelfe.de\/wp-content\/uploads\/2022\/05\/IMG_2802.jpg\" alt=\"\" class=\"wp-image-3122\" srcset=\"https:\/\/wordpress.derwegderwoelfe.de\/wp-content\/uploads\/2022\/05\/IMG_2802.jpg 1000w, https:\/\/wordpress.derwegderwoelfe.de\/wp-content\/uploads\/2022\/05\/IMG_2802-300x281.jpg 300w, https:\/\/wordpress.derwegderwoelfe.de\/wp-content\/uploads\/2022\/05\/IMG_2802-768x719.jpg 768w, https:\/\/wordpress.derwegderwoelfe.de\/wp-content\/uploads\/2022\/05\/IMG_2802-321x300.jpg 321w\" sizes=\"auto, (max-width: 1000px) 100vw, 1000px\" \/><\/a><\/figure>\n\n\n\n<figure class=\"wp-block-image size-large\"><a href=\"https:\/\/wordpress.derwegderwoelfe.de\/wp-content\/uploads\/2022\/05\/IMG_2803.jpg\"><img loading=\"lazy\" decoding=\"async\" width=\"1000\" height=\"561\" data-id=\"3123\" src=\"https:\/\/wordpress.derwegderwoelfe.de\/wp-content\/uploads\/2022\/05\/IMG_2803.jpg\" alt=\"\" class=\"wp-image-3123\" srcset=\"https:\/\/wordpress.derwegderwoelfe.de\/wp-content\/uploads\/2022\/05\/IMG_2803.jpg 1000w, https:\/\/wordpress.derwegderwoelfe.de\/wp-content\/uploads\/2022\/05\/IMG_2803-300x168.jpg 300w, https:\/\/wordpress.derwegderwoelfe.de\/wp-content\/uploads\/2022\/05\/IMG_2803-768x431.jpg 768w, https:\/\/wordpress.derwegderwoelfe.de\/wp-content\/uploads\/2022\/05\/IMG_2803-500x281.jpg 500w\" sizes=\"auto, (max-width: 1000px) 100vw, 1000px\" \/><\/a><figcaption>Spur vom Fischotter<\/figcaption><\/figure>\n\n\n\n<figure class=\"wp-block-image size-large\"><a href=\"https:\/\/wordpress.derwegderwoelfe.de\/wp-content\/uploads\/2022\/05\/IMG_2806.jpg\"><img loading=\"lazy\" decoding=\"async\" width=\"1000\" height=\"785\" data-id=\"3124\" src=\"https:\/\/wordpress.derwegderwoelfe.de\/wp-content\/uploads\/2022\/05\/IMG_2806.jpg\" alt=\"\" class=\"wp-image-3124\" srcset=\"https:\/\/wordpress.derwegderwoelfe.de\/wp-content\/uploads\/2022\/05\/IMG_2806.jpg 1000w, https:\/\/wordpress.derwegderwoelfe.de\/wp-content\/uploads\/2022\/05\/IMG_2806-300x236.jpg 300w, https:\/\/wordpress.derwegderwoelfe.de\/wp-content\/uploads\/2022\/05\/IMG_2806-768x603.jpg 768w, https:\/\/wordpress.derwegderwoelfe.de\/wp-content\/uploads\/2022\/05\/IMG_2806-382x300.jpg 382w\" sizes=\"auto, (max-width: 1000px) 100vw, 1000px\" \/><\/a><\/figure>\n\n\n\n<figure class=\"wp-block-image size-large\"><a href=\"https:\/\/wordpress.derwegderwoelfe.de\/wp-content\/uploads\/2022\/05\/Reh.jpg\"><img loading=\"lazy\" decoding=\"async\" width=\"1000\" height=\"826\" data-id=\"3125\" src=\"https:\/\/wordpress.derwegderwoelfe.de\/wp-content\/uploads\/2022\/05\/Reh.jpg\" alt=\"\" class=\"wp-image-3125\" srcset=\"https:\/\/wordpress.derwegderwoelfe.de\/wp-content\/uploads\/2022\/05\/Reh.jpg 1000w, https:\/\/wordpress.derwegderwoelfe.de\/wp-content\/uploads\/2022\/05\/Reh-300x248.jpg 300w, https:\/\/wordpress.derwegderwoelfe.de\/wp-content\/uploads\/2022\/05\/Reh-768x634.jpg 768w, https:\/\/wordpress.derwegderwoelfe.de\/wp-content\/uploads\/2022\/05\/Reh-363x300.jpg 363w\" sizes=\"auto, (max-width: 1000px) 100vw, 1000px\" \/><\/a><\/figure>\n<\/figure>\n\n\n\n<p>Mittwoch und Donnerstag 1.-2.Juni<\/p>\n\n\n\n<p>Eigentlich muss ich mit dem Dienstag am Abend anfangen. Ich wollte am Abend noch eine kleine Wanderung machen und hatte den Wagen am Rand von einem Waldweg geparkt, und war schon ein St\u00fcck gegangen als ich vom lokalen F\u00f6rster angesprochen wurde. Ich hatte ein langes Gespr\u00e4ch mit ihm, sehr interessant f\u00fcr mich. Er hat mich dazu auf eine sympathische Art darauf hingewiesen, dass es nicht gerne gesehen wird, wenn man mit dem privaten Fahrzeug in den Wald f\u00e4hrt, auch nicht um dort zu parken. Wandern sei kein Problem. Grund war insbesondere die Feuergefahr, und weil es sowohl Brandstifter gibt als auch Leute, die ihren M\u00fcll im Wald entsorgen und man versucht diese Personen zu erwischen. Ich hatte einige Fragen zur Forstwirtschaft auf den sehr sandigen B\u00f6den und wir haben uns \u00fcber viele andere Themen auch \u00fcber W\u00f6lfe unterhalten. Dabei ist uns ein Hase entgegengekommen, einer der wenigen die es noch gibt wie er betont hat.<img loading=\"lazy\" decoding=\"async\" width=\"1000\" height=\"561\" class=\"wp-image-3106\" style=\"width: 1000px;\" src=\"https:\/\/wordpress.derwegderwoelfe.de\/wp-content\/uploads\/2022\/05\/IMG_2763.jpg\" alt=\"\" srcset=\"https:\/\/wordpress.derwegderwoelfe.de\/wp-content\/uploads\/2022\/05\/IMG_2763.jpg 1000w, https:\/\/wordpress.derwegderwoelfe.de\/wp-content\/uploads\/2022\/05\/IMG_2763-300x168.jpg 300w, https:\/\/wordpress.derwegderwoelfe.de\/wp-content\/uploads\/2022\/05\/IMG_2763-768x431.jpg 768w, https:\/\/wordpress.derwegderwoelfe.de\/wp-content\/uploads\/2022\/05\/IMG_2763-500x281.jpg 500w\" sizes=\"auto, (max-width: 1000px) 100vw, 1000px\" \/><\/p>\n\n\n\n<p>Am Mittwoch und Donnerstag war ich sehr mit den online Schulprojekten besch\u00e4ftigt. Ich habe verschiedene Setups testen k\u00f6nnen. Im Bus ohne und mit Greenscreen und unter der Heckklappe und heute mit einem Setup zum Wandern ohne Fahrzeug und Solarpaneele. Es gab ein paar kurze Problemchen, die ich aber schnell beheben konnte. Hier mal so ein Bild unter der Heckklappe. Noch arbeite ich mit dem Laptop, m\u00f6chte aber versuchen auch mit einem Tablet arbeiten zu k\u00f6nnen. Vorteil, Akku h\u00e4lt l\u00e4nger und ist leichter zum Transportieren. Nachteil, ich muss alle was ich zeigen m\u00f6chte speziell darauf zuschneiden.<img loading=\"lazy\" decoding=\"async\" width=\"1000\" height=\"750\" class=\"wp-image-3114\" style=\"width: 1000px;\" src=\"https:\/\/wordpress.derwegderwoelfe.de\/wp-content\/uploads\/2022\/05\/DSCN1115.jpg\" alt=\"\" srcset=\"https:\/\/wordpress.derwegderwoelfe.de\/wp-content\/uploads\/2022\/05\/DSCN1115.jpg 1000w, https:\/\/wordpress.derwegderwoelfe.de\/wp-content\/uploads\/2022\/05\/DSCN1115-300x225.jpg 300w, https:\/\/wordpress.derwegderwoelfe.de\/wp-content\/uploads\/2022\/05\/DSCN1115-768x576.jpg 768w, https:\/\/wordpress.derwegderwoelfe.de\/wp-content\/uploads\/2022\/05\/DSCN1115-400x300.jpg 400w\" sizes=\"auto, (max-width: 1000px) 100vw, 1000px\" \/><\/p>\n\n\n\n<p>Am Nachmittag habe ich in der Hohen Fl\u00e4ming noch eine Wanderung unternommen. Neben Spuren auf den sandigen Feldwegen konnte ich wieder einen Hasen fotogarfieren. Morgen muss ich mich um ein Problem mit dem Bus k\u00fcmmern. Die Adblue-Anzeige geht nicht aus und warnt mich, dass ich nur noch etwa 600km fahren kann. Also Morgen in der Fr\u00fch zuerst zu einer Werkstatt. Auf jeden Fall \u00e4rgerlich.<\/p>\n\n\n\n<figure class=\"wp-block-gallery has-nested-images columns-default is-cropped wp-block-gallery-4 is-layout-flex wp-block-gallery-is-layout-flex\">\n<figure class=\"wp-block-image size-large\"><a href=\"https:\/\/wordpress.derwegderwoelfe.de\/wp-content\/uploads\/2022\/05\/IMG_2754-1.jpg\"><img loading=\"lazy\" decoding=\"async\" width=\"1000\" height=\"561\" data-id=\"3108\" src=\"https:\/\/wordpress.derwegderwoelfe.de\/wp-content\/uploads\/2022\/05\/IMG_2754-1.jpg\" alt=\"\" class=\"wp-image-3108\" srcset=\"https:\/\/wordpress.derwegderwoelfe.de\/wp-content\/uploads\/2022\/05\/IMG_2754-1.jpg 1000w, https:\/\/wordpress.derwegderwoelfe.de\/wp-content\/uploads\/2022\/05\/IMG_2754-1-300x168.jpg 300w, https:\/\/wordpress.derwegderwoelfe.de\/wp-content\/uploads\/2022\/05\/IMG_2754-1-768x431.jpg 768w, https:\/\/wordpress.derwegderwoelfe.de\/wp-content\/uploads\/2022\/05\/IMG_2754-1-500x281.jpg 500w\" sizes=\"auto, (max-width: 1000px) 100vw, 1000px\" \/><\/a><figcaption>Moor in Loben<\/figcaption><\/figure>\n\n\n\n<figure class=\"wp-block-image size-large\"><a href=\"https:\/\/wordpress.derwegderwoelfe.de\/wp-content\/uploads\/2022\/05\/IMG_2759.jpg\"><img loading=\"lazy\" decoding=\"async\" width=\"893\" height=\"1000\" data-id=\"3109\" src=\"https:\/\/wordpress.derwegderwoelfe.de\/wp-content\/uploads\/2022\/05\/IMG_2759.jpg\" alt=\"\" class=\"wp-image-3109\" srcset=\"https:\/\/wordpress.derwegderwoelfe.de\/wp-content\/uploads\/2022\/05\/IMG_2759.jpg 893w, https:\/\/wordpress.derwegderwoelfe.de\/wp-content\/uploads\/2022\/05\/IMG_2759-268x300.jpg 268w, https:\/\/wordpress.derwegderwoelfe.de\/wp-content\/uploads\/2022\/05\/IMG_2759-768x860.jpg 768w\" sizes=\"auto, (max-width: 893px) 100vw, 893px\" \/><\/a><figcaption>Naturschutzgebiet Loben<\/figcaption><\/figure>\n\n\n\n<figure class=\"wp-block-image size-large\"><a href=\"https:\/\/wordpress.derwegderwoelfe.de\/wp-content\/uploads\/2022\/05\/IMG_2761.jpg\"><img loading=\"lazy\" decoding=\"async\" width=\"1000\" height=\"551\" data-id=\"3110\" src=\"https:\/\/wordpress.derwegderwoelfe.de\/wp-content\/uploads\/2022\/05\/IMG_2761.jpg\" alt=\"\" class=\"wp-image-3110\" srcset=\"https:\/\/wordpress.derwegderwoelfe.de\/wp-content\/uploads\/2022\/05\/IMG_2761.jpg 1000w, https:\/\/wordpress.derwegderwoelfe.de\/wp-content\/uploads\/2022\/05\/IMG_2761-300x165.jpg 300w, https:\/\/wordpress.derwegderwoelfe.de\/wp-content\/uploads\/2022\/05\/IMG_2761-768x423.jpg 768w, https:\/\/wordpress.derwegderwoelfe.de\/wp-content\/uploads\/2022\/05\/IMG_2761-500x276.jpg 500w\" sizes=\"auto, (max-width: 1000px) 100vw, 1000px\" \/><\/a><figcaption>Tausendf\u00fc\u00dfler erstarrt als ich vorbeiging<\/figcaption><\/figure>\n\n\n\n<figure class=\"wp-block-image size-large\"><a href=\"https:\/\/wordpress.derwegderwoelfe.de\/wp-content\/uploads\/2022\/05\/IMG_2765.jpg\"><img loading=\"lazy\" decoding=\"async\" width=\"1000\" height=\"561\" data-id=\"3111\" src=\"https:\/\/wordpress.derwegderwoelfe.de\/wp-content\/uploads\/2022\/05\/IMG_2765.jpg\" alt=\"\" class=\"wp-image-3111\" srcset=\"https:\/\/wordpress.derwegderwoelfe.de\/wp-content\/uploads\/2022\/05\/IMG_2765.jpg 1000w, https:\/\/wordpress.derwegderwoelfe.de\/wp-content\/uploads\/2022\/05\/IMG_2765-300x168.jpg 300w, https:\/\/wordpress.derwegderwoelfe.de\/wp-content\/uploads\/2022\/05\/IMG_2765-768x431.jpg 768w, https:\/\/wordpress.derwegderwoelfe.de\/wp-content\/uploads\/2022\/05\/IMG_2765-500x281.jpg 500w\" sizes=\"auto, (max-width: 1000px) 100vw, 1000px\" \/><\/a><figcaption>Naturpark Hohe Fl\u00e4ming, leider nur eine kurze Wanderung<\/figcaption><\/figure>\n\n\n\n<figure class=\"wp-block-image size-large\"><a href=\"https:\/\/wordpress.derwegderwoelfe.de\/wp-content\/uploads\/2022\/05\/IMG_2767.jpg\"><img loading=\"lazy\" decoding=\"async\" width=\"1000\" height=\"748\" data-id=\"3112\" src=\"https:\/\/wordpress.derwegderwoelfe.de\/wp-content\/uploads\/2022\/05\/IMG_2767.jpg\" alt=\"\" class=\"wp-image-3112\" srcset=\"https:\/\/wordpress.derwegderwoelfe.de\/wp-content\/uploads\/2022\/05\/IMG_2767.jpg 1000w, https:\/\/wordpress.derwegderwoelfe.de\/wp-content\/uploads\/2022\/05\/IMG_2767-300x224.jpg 300w, https:\/\/wordpress.derwegderwoelfe.de\/wp-content\/uploads\/2022\/05\/IMG_2767-768x574.jpg 768w, https:\/\/wordpress.derwegderwoelfe.de\/wp-content\/uploads\/2022\/05\/IMG_2767-401x300.jpg 401w\" sizes=\"auto, (max-width: 1000px) 100vw, 1000px\" \/><\/a><figcaption>Der Hase hat mich nicht bemerkt. <\/figcaption><\/figure>\n<\/figure>\n\n\n\n<p>Sonntag bis Dienstag 29.-31.Mai<\/p>\n\n\n\n<p>Ich komme kaum hinterher, um Bilder und die Videos zu bearbeiten nach dem Wandern und noch die sonstige B\u00fcroarbeit zu schaffen. Ich versuche in dieser Woche auch mein bestes Setup zu finden.<\/p>\n\n\n\n<p>Am Montag hatte ich einen Onlinekurs f\u00fcr Kinder der Hector-Kinderakademie in Baden-W\u00fcrttemberg. Thema \u201eAbenteuer Naturforschung\u201c. Heute und an den n\u00e4chsten beiden Tagen besuche ich Schulklassen im Schwarzwald (9.Klasse) online mit dem Thema Wolf\/Luchs und \u00d6kologie. Dazu muss ich ersten einen Platz finden mit gutem LTE und von wo aus ich auch arbeiten kann. Die Stromversorgung f\u00fcr den Laptop, die Kameras oder Licht muss auch funktionieren, und nat\u00fcrlich auch die Programme und Inhalte, die ich zeigen m\u00f6chte. Technisch ist es alles machbar, in der Praxis muss ich vieles ausprobieren. Was mir die ersten Tests aus Rum\u00e4nien gezeigt haben muss ich mich auch selbst in einer guten und St\u00f6rungsarmen Position befinden um etwa 2 Stunden konzentriert arbeiten zu k\u00f6nnen. Gestern wurde ich gegen Abend von vielen M\u00fccken \u00fcberrascht, die beim Test davor noch nicht da waren. Also so kommt eines zum anderen. Heute fr\u00fch um 7:35 war es so kalt, dass ich im Auto mit Jacke arbeiten musste. An den n\u00e4chsten Tagen werde ich versuchen meine l\u00e4ngeren Wanderungen am fr\u00fchen Morgen und\/oder abends durchzuf\u00fchren und \u00fcber den Tag die Akkus zu laden und im B\u00fcro zu arbeiten.&nbsp; Aber genau darum geht es mir auch zu testen mit welchen technischen Schwierigkeiten ich rechnen muss und wie ich die Tage mit so unterschiedlichen Herausforderungen organisieren kann. Hier nun ein paar Bilder der letzten Tage. &nbsp;&nbsp;&nbsp;<\/p>\n\n\n\n<figure class=\"wp-block-gallery has-nested-images columns-default is-cropped wp-block-gallery-5 is-layout-flex wp-block-gallery-is-layout-flex\">\n<figure class=\"wp-block-image size-large\"><a href=\"https:\/\/wordpress.derwegderwoelfe.de\/wp-content\/uploads\/2022\/05\/IMG_2693.jpg\"><img loading=\"lazy\" decoding=\"async\" width=\"1000\" height=\"667\" data-id=\"3101\" src=\"https:\/\/wordpress.derwegderwoelfe.de\/wp-content\/uploads\/2022\/05\/IMG_2693.jpg\" alt=\"\" class=\"wp-image-3101\" srcset=\"https:\/\/wordpress.derwegderwoelfe.de\/wp-content\/uploads\/2022\/05\/IMG_2693.jpg 1000w, https:\/\/wordpress.derwegderwoelfe.de\/wp-content\/uploads\/2022\/05\/IMG_2693-300x200.jpg 300w, https:\/\/wordpress.derwegderwoelfe.de\/wp-content\/uploads\/2022\/05\/IMG_2693-768x512.jpg 768w, https:\/\/wordpress.derwegderwoelfe.de\/wp-content\/uploads\/2022\/05\/IMG_2693-450x300.jpg 450w\" sizes=\"auto, (max-width: 1000px) 100vw, 1000px\" \/><\/a><\/figure>\n\n\n\n<figure class=\"wp-block-image size-large\"><a href=\"https:\/\/wordpress.derwegderwoelfe.de\/wp-content\/uploads\/2022\/05\/IMG_2700.jpg\"><img loading=\"lazy\" decoding=\"async\" width=\"1000\" height=\"804\" data-id=\"3102\" src=\"https:\/\/wordpress.derwegderwoelfe.de\/wp-content\/uploads\/2022\/05\/IMG_2700.jpg\" alt=\"\" class=\"wp-image-3102\" srcset=\"https:\/\/wordpress.derwegderwoelfe.de\/wp-content\/uploads\/2022\/05\/IMG_2700.jpg 1000w, https:\/\/wordpress.derwegderwoelfe.de\/wp-content\/uploads\/2022\/05\/IMG_2700-300x241.jpg 300w, https:\/\/wordpress.derwegderwoelfe.de\/wp-content\/uploads\/2022\/05\/IMG_2700-768x617.jpg 768w, https:\/\/wordpress.derwegderwoelfe.de\/wp-content\/uploads\/2022\/05\/IMG_2700-373x300.jpg 373w\" sizes=\"auto, (max-width: 1000px) 100vw, 1000px\" \/><\/a><\/figure>\n\n\n\n<figure class=\"wp-block-image size-large\"><a href=\"https:\/\/wordpress.derwegderwoelfe.de\/wp-content\/uploads\/2022\/05\/IMG_2752.jpg\"><img loading=\"lazy\" decoding=\"async\" width=\"1000\" height=\"652\" data-id=\"3103\" src=\"https:\/\/wordpress.derwegderwoelfe.de\/wp-content\/uploads\/2022\/05\/IMG_2752.jpg\" alt=\"\" class=\"wp-image-3103\" srcset=\"https:\/\/wordpress.derwegderwoelfe.de\/wp-content\/uploads\/2022\/05\/IMG_2752.jpg 1000w, https:\/\/wordpress.derwegderwoelfe.de\/wp-content\/uploads\/2022\/05\/IMG_2752-300x196.jpg 300w, https:\/\/wordpress.derwegderwoelfe.de\/wp-content\/uploads\/2022\/05\/IMG_2752-768x501.jpg 768w, https:\/\/wordpress.derwegderwoelfe.de\/wp-content\/uploads\/2022\/05\/IMG_2752-460x300.jpg 460w\" sizes=\"auto, (max-width: 1000px) 100vw, 1000px\" \/><\/a><\/figure>\n\n\n\n<figure class=\"wp-block-image size-large\"><a href=\"https:\/\/wordpress.derwegderwoelfe.de\/wp-content\/uploads\/2022\/05\/IMG_2754.jpg\"><img loading=\"lazy\" decoding=\"async\" width=\"1000\" height=\"561\" data-id=\"3104\" src=\"https:\/\/wordpress.derwegderwoelfe.de\/wp-content\/uploads\/2022\/05\/IMG_2754.jpg\" alt=\"\" class=\"wp-image-3104\" srcset=\"https:\/\/wordpress.derwegderwoelfe.de\/wp-content\/uploads\/2022\/05\/IMG_2754.jpg 1000w, https:\/\/wordpress.derwegderwoelfe.de\/wp-content\/uploads\/2022\/05\/IMG_2754-300x168.jpg 300w, https:\/\/wordpress.derwegderwoelfe.de\/wp-content\/uploads\/2022\/05\/IMG_2754-768x431.jpg 768w, https:\/\/wordpress.derwegderwoelfe.de\/wp-content\/uploads\/2022\/05\/IMG_2754-500x281.jpg 500w\" sizes=\"auto, (max-width: 1000px) 100vw, 1000px\" \/><\/a><\/figure>\n<\/figure>\n\n\n\n<figure class=\"wp-block-video\"><video height=\"1080\" style=\"aspect-ratio: 1920 \/ 1080;\" width=\"1920\" controls src=\"https:\/\/wordpress.derwegderwoelfe.de\/wp-content\/uploads\/2022\/05\/Fuchs01_Trim.mp4\"><\/video><\/figure>\n\n\n\n<p>Samstag 28.Mai <\/p>\n\n\n\n<figure class=\"wp-block-image size-full\"><a href=\"https:\/\/wordpress.derwegderwoelfe.de\/wp-content\/uploads\/2022\/05\/IMG_2665.jpg\"><img loading=\"lazy\" decoding=\"async\" width=\"1000\" height=\"561\" src=\"https:\/\/wordpress.derwegderwoelfe.de\/wp-content\/uploads\/2022\/05\/IMG_2665.jpg\" alt=\"\" class=\"wp-image-3091\" srcset=\"https:\/\/wordpress.derwegderwoelfe.de\/wp-content\/uploads\/2022\/05\/IMG_2665.jpg 1000w, https:\/\/wordpress.derwegderwoelfe.de\/wp-content\/uploads\/2022\/05\/IMG_2665-300x168.jpg 300w, https:\/\/wordpress.derwegderwoelfe.de\/wp-content\/uploads\/2022\/05\/IMG_2665-768x431.jpg 768w, https:\/\/wordpress.derwegderwoelfe.de\/wp-content\/uploads\/2022\/05\/IMG_2665-500x281.jpg 500w\" sizes=\"auto, (max-width: 1000px) 100vw, 1000px\" \/><\/a><\/figure>\n\n\n\n<p>Ich bin nach dem Fr\u00fchst\u00fcck nach Rietschen gefahren. Rietschen war mein Ziel bei der Expedition 2005 als ich in Rum\u00e4nien losmarschiert bin und Rietschen war auch der Startpunkt meiner ersten Deutschlandexpedition 2014 bis nach Pforzheim. Allerdings dient dieser erste Tag eher zum Einrichten, eine kleine Wanderung vor Ort und dann bin ich am Nachmittag nach Nochtern gefahren. Ich bin von dort in die renaturierten Fl\u00e4chen vom Braunkohletagebau gewandert um zu schauen wie es dort jetzt aussieht. 2009 war ich hier auf der Suche nach Wolfspuren f\u00fcr eine Filmrecherche und war auch schnell f\u00fcndig geworden. Die Wege waren zum gro\u00dfen Teil sandig. Leider konnte ich heute nur einen kleinen Teil der Fl\u00e4che erwandern, weil der gr\u00f6\u00dfere Teil war jetzt f\u00fcr den angrenzenden Truppen\u00fcbungsplatz gesperrt. Ein Reh und ein paar ausgewaschene Spuren habe ich gesehen. Das war es dann eigentlich auch schon. Es  gibt st\u00e4ndig k\u00fcrzere aber kr\u00e4ftige Regenschauer und der Wind pfeift ordentlich. Da sind im Sand die Spuren schnell verschwunden.    <\/p>\n\n\n\n<div class=\"wp-block-group\"><div class=\"wp-block-group__inner-container is-layout-flow wp-block-group-is-layout-flow\">\n<div class=\"wp-block-group\"><div class=\"wp-block-group__inner-container is-layout-flow wp-block-group-is-layout-flow\"><div class=\"wp-block-image\">\n<figure class=\"alignleft size-full is-resized\"><a href=\"https:\/\/wordpress.derwegderwoelfe.de\/wp-content\/uploads\/2022\/05\/IMG_2662.jpg\"><img loading=\"lazy\" decoding=\"async\" src=\"https:\/\/wordpress.derwegderwoelfe.de\/wp-content\/uploads\/2022\/05\/IMG_2662.jpg\" alt=\"\" class=\"wp-image-3090\" width=\"413\" height=\"231\" srcset=\"https:\/\/wordpress.derwegderwoelfe.de\/wp-content\/uploads\/2022\/05\/IMG_2662.jpg 1000w, https:\/\/wordpress.derwegderwoelfe.de\/wp-content\/uploads\/2022\/05\/IMG_2662-300x168.jpg 300w, https:\/\/wordpress.derwegderwoelfe.de\/wp-content\/uploads\/2022\/05\/IMG_2662-768x431.jpg 768w, https:\/\/wordpress.derwegderwoelfe.de\/wp-content\/uploads\/2022\/05\/IMG_2662-500x281.jpg 500w\" sizes=\"auto, (max-width: 413px) 100vw, 413px\" \/><\/a><figcaption>Moor und Seenlandschaft<\/figcaption><\/figure>\n<\/div>\n\n\n<div class=\"wp-block-group\"><div class=\"wp-block-group__inner-container is-layout-flow wp-block-group-is-layout-flow\"><div class=\"wp-block-image\">\n<figure class=\"aligncenter size-full is-resized\"><a href=\"https:\/\/wordpress.derwegderwoelfe.de\/wp-content\/uploads\/2022\/05\/IMG_2661.jpg\"><img loading=\"lazy\" decoding=\"async\" src=\"https:\/\/wordpress.derwegderwoelfe.de\/wp-content\/uploads\/2022\/05\/IMG_2661.jpg\" alt=\"\" class=\"wp-image-3089\" width=\"346\" height=\"279\" srcset=\"https:\/\/wordpress.derwegderwoelfe.de\/wp-content\/uploads\/2022\/05\/IMG_2661.jpg 1000w, https:\/\/wordpress.derwegderwoelfe.de\/wp-content\/uploads\/2022\/05\/IMG_2661-300x243.jpg 300w, https:\/\/wordpress.derwegderwoelfe.de\/wp-content\/uploads\/2022\/05\/IMG_2661-768x621.jpg 768w, https:\/\/wordpress.derwegderwoelfe.de\/wp-content\/uploads\/2022\/05\/IMG_2661-371x300.jpg 371w\" sizes=\"auto, (max-width: 346px) 100vw, 346px\" \/><\/a><\/figure>\n<\/div><\/div><\/div>\n<\/div><\/div>\n<\/div><\/div>\n\n\n\n<figure class=\"wp-block-image size-full\"><a href=\"https:\/\/wordpress.derwegderwoelfe.de\/wp-content\/uploads\/2022\/05\/IMG_2676.jpg\"><img loading=\"lazy\" decoding=\"async\" width=\"1000\" height=\"564\" src=\"https:\/\/wordpress.derwegderwoelfe.de\/wp-content\/uploads\/2022\/05\/IMG_2676.jpg\" alt=\"\" class=\"wp-image-3093\" srcset=\"https:\/\/wordpress.derwegderwoelfe.de\/wp-content\/uploads\/2022\/05\/IMG_2676.jpg 1000w, https:\/\/wordpress.derwegderwoelfe.de\/wp-content\/uploads\/2022\/05\/IMG_2676-300x169.jpg 300w, https:\/\/wordpress.derwegderwoelfe.de\/wp-content\/uploads\/2022\/05\/IMG_2676-768x433.jpg 768w, https:\/\/wordpress.derwegderwoelfe.de\/wp-content\/uploads\/2022\/05\/IMG_2676-500x282.jpg 500w\" sizes=\"auto, (max-width: 1000px) 100vw, 1000px\" \/><\/a><figcaption>Rehsichtung<\/figcaption><\/figure>\n\n\n\n<p>25.-27.Mai Anreise zum Startpunkt<\/p>\n\n\n\n<p>Am Mittwoch bin ich fr\u00fch aufgebrochen zun\u00e4chst zur Uni in Gie\u00dfen. Dort hatte ich ein Treffen mit einem Team die an neuen Ideen zum Schutz der Weidetiere arbeiten. Ich bin im projektbegleitendem Beirat, was mich sehr freut, aber ich kann noch nicht so viel dazu sagen. Danach bin ich nach Wurzen gefahren und habe Birgit und Rolf besucht. Am Donnerstag war ich dann mit Birgit in der <img loading=\"lazy\" decoding=\"async\" width=\"1000\" height=\"747\" class=\"wp-image-3080\" style=\"width: 1000px;\" src=\"https:\/\/wordpress.derwegderwoelfe.de\/wp-content\/uploads\/2022\/05\/IMG_2633.jpg\" alt=\"\" srcset=\"https:\/\/wordpress.derwegderwoelfe.de\/wp-content\/uploads\/2022\/05\/IMG_2633.jpg 1000w, https:\/\/wordpress.derwegderwoelfe.de\/wp-content\/uploads\/2022\/05\/IMG_2633-300x224.jpg 300w, https:\/\/wordpress.derwegderwoelfe.de\/wp-content\/uploads\/2022\/05\/IMG_2633-768x574.jpg 768w, https:\/\/wordpress.derwegderwoelfe.de\/wp-content\/uploads\/2022\/05\/IMG_2633-402x300.jpg 402w\" sizes=\"auto, (max-width: 1000px) 100vw, 1000px\" \/>Dahlener Heider unterwegs. Sie ist dort im Wolfsmonitoring ehrenamtlich unterwegs und sie hat mir ihr Einsatzgebiet gezeigt und wir haben die Wildtierkameras kontrolliert. Das war toll, denn der Wald ist v\u00f6llig anders als im Schwarzwald und wir haben auch ein paar \u00e4ltere Wolfslosungen gefunden. <img loading=\"lazy\" decoding=\"async\" width=\"1000\" height=\"561\" class=\"wp-image-3081\" style=\"width: 1000px;\" src=\"https:\/\/wordpress.derwegderwoelfe.de\/wp-content\/uploads\/2022\/05\/IMG_2630.jpg\" alt=\"\" srcset=\"https:\/\/wordpress.derwegderwoelfe.de\/wp-content\/uploads\/2022\/05\/IMG_2630.jpg 1000w, https:\/\/wordpress.derwegderwoelfe.de\/wp-content\/uploads\/2022\/05\/IMG_2630-300x168.jpg 300w, https:\/\/wordpress.derwegderwoelfe.de\/wp-content\/uploads\/2022\/05\/IMG_2630-768x431.jpg 768w, https:\/\/wordpress.derwegderwoelfe.de\/wp-content\/uploads\/2022\/05\/IMG_2630-500x281.jpg 500w\" sizes=\"auto, (max-width: 1000px) 100vw, 1000px\" \/>Die Bilder der Wildtierkamera habe ich nat\u00fcrlich nicht, aber es waren auch W\u00f6lfe drauf. Ein verlassenes Nest von Schwarzst\u00f6rchen haben wir noch gesehen und Pirole geh\u00f6rt. <img loading=\"lazy\" decoding=\"async\" width=\"1000\" height=\"561\" class=\"wp-image-3082\" style=\"width: 1000px;\" src=\"https:\/\/wordpress.derwegderwoelfe.de\/wp-content\/uploads\/2022\/05\/IMG_2637.jpg\" alt=\"\" srcset=\"https:\/\/wordpress.derwegderwoelfe.de\/wp-content\/uploads\/2022\/05\/IMG_2637.jpg 1000w, https:\/\/wordpress.derwegderwoelfe.de\/wp-content\/uploads\/2022\/05\/IMG_2637-300x168.jpg 300w, https:\/\/wordpress.derwegderwoelfe.de\/wp-content\/uploads\/2022\/05\/IMG_2637-768x431.jpg 768w, https:\/\/wordpress.derwegderwoelfe.de\/wp-content\/uploads\/2022\/05\/IMG_2637-500x281.jpg 500w\" sizes=\"auto, (max-width: 1000px) 100vw, 1000px\" \/>Die waren aber so schnell und so hoch, dass ich keine Chance hatte die zu fotografieren. Am Freitag bin ich dann weiter nach Bischofswerda gefahren und habe die Christa besucht. Christa hat einige Bekannte zusammengetrommelt und einige Leute die sich mit mir unterhalten wollten. <img loading=\"lazy\" decoding=\"async\" width=\"1000\" height=\"775\" class=\"wp-image-3084\" style=\"width: 1000px;\" src=\"https:\/\/wordpress.derwegderwoelfe.de\/wp-content\/uploads\/2022\/05\/IMG_2645.jpg\" alt=\"\" srcset=\"https:\/\/wordpress.derwegderwoelfe.de\/wp-content\/uploads\/2022\/05\/IMG_2645.jpg 1000w, https:\/\/wordpress.derwegderwoelfe.de\/wp-content\/uploads\/2022\/05\/IMG_2645-300x233.jpg 300w, https:\/\/wordpress.derwegderwoelfe.de\/wp-content\/uploads\/2022\/05\/IMG_2645-768x595.jpg 768w, https:\/\/wordpress.derwegderwoelfe.de\/wp-content\/uploads\/2022\/05\/IMG_2645-387x300.jpg 387w\" sizes=\"auto, (max-width: 1000px) 100vw, 1000px\" \/><img loading=\"lazy\" decoding=\"async\" width=\"1000\" height=\"561\" class=\"wp-image-3085\" style=\"width: 1000px;\" src=\"https:\/\/wordpress.derwegderwoelfe.de\/wp-content\/uploads\/2022\/05\/IMG_2650.jpg\" alt=\"\" srcset=\"https:\/\/wordpress.derwegderwoelfe.de\/wp-content\/uploads\/2022\/05\/IMG_2650.jpg 1000w, https:\/\/wordpress.derwegderwoelfe.de\/wp-content\/uploads\/2022\/05\/IMG_2650-300x168.jpg 300w, https:\/\/wordpress.derwegderwoelfe.de\/wp-content\/uploads\/2022\/05\/IMG_2650-768x431.jpg 768w, https:\/\/wordpress.derwegderwoelfe.de\/wp-content\/uploads\/2022\/05\/IMG_2650-500x281.jpg 500w\" sizes=\"auto, (max-width: 1000px) 100vw, 1000px\" \/>Auf dem Weg habe ich allerdings noch eine kleine Wanderung im s\u00fcdlichen Zipfel der K\u00f6nigsbr\u00fccker Heide im Regen gemacht. In der n\u00f6rdlichen Ecke werde ich in einigen Tagen nochmals sein. Bei der Wanderung habe ich einen Hasen aufgescheucht, ein paar deutliche Spuren von Rehen gefunden und eine frische Wolfslosung. Pures Gl\u00fcck oder Zufall.  <\/p>\n\n\n\n<p>6.Mai 2022: Planung<\/p>\n\n\n\n<p>Nachdem ich die urspr\u00fcgnlich geplante Expedition in Portugal und Spanien abgebrochen habe, plane ich eine k\u00fcrzere alternative Expeditionsstrecke. Sie wird von der Lautsitz in Sachsen nach Schleswig-Holstein verlaufen, den ersten Ausbreitungskorridoren der W\u00f6lfe in Deutschland. Ich kenne einige Teilbereiche und m\u00f6chte mir einen Eindruck der aktuellen Situation verschaffen. Daf\u00fcr habe ich etwa 2-3 Wochen angesetzt und werde entweder am 25.Mai aufbrechen. Mit meinem Bus. Das wird auch gleichzeitg ein Test was ich am Bus alles optimieren muss damit er auch den Anforderungen bei Expeditionen entsprechen wird. <img loading=\"lazy\" decoding=\"async\" width=\"1000\" height=\"609\" class=\"wp-image-3070\" style=\"width: 1000px;\" src=\"https:\/\/wordpress.derwegderwoelfe.de\/wp-content\/uploads\/2022\/05\/IMG_1280.jpg\" alt=\"\" srcset=\"https:\/\/wordpress.derwegderwoelfe.de\/wp-content\/uploads\/2022\/05\/IMG_1280.jpg 1000w, https:\/\/wordpress.derwegderwoelfe.de\/wp-content\/uploads\/2022\/05\/IMG_1280-300x183.jpg 300w, https:\/\/wordpress.derwegderwoelfe.de\/wp-content\/uploads\/2022\/05\/IMG_1280-768x468.jpg 768w, https:\/\/wordpress.derwegderwoelfe.de\/wp-content\/uploads\/2022\/05\/IMG_1280-493x300.jpg 493w\" sizes=\"auto, (max-width: 1000px) 100vw, 1000px\" \/>Ich habe mehr Platz und kann bei schlechtem Wetter deutlich besser arbeiten als im Land Rover Discovery. Allerdings habe ich keinen Allrad mehr und weniger Bodenfreiheit. Da ich vor der Land Rover Zeit ja einen VW T4 Bus hatte, sollte es aber keine gr\u00f6\u00dferen Probleme geben. Ich kann halt nicht mehr jeden g\u00fcnstigen Lagerplatz anfahren. Das war der eigentliche Vorteil vom Land Rover Discovery, dass ich mir wegen schlechter Wege oder nassen Wiesen keine Gedanken machen musste.  <\/p>\n\n\n\n\n\n\n\n\n","protected":false},"excerpt":{"rendered":"<p>Abschluss und viel zu sp\u00e4t. Wenn ich am Ende einer Expedition noch ein Ende oder eine Art Zusammenfassung zeigen m\u00f6chte, muss ich diese zuk\u00fcnftig noch w\u00e4hrend ich im Expeditionsmodus bin machen. Also bevor ich wieder zuhause bin. Das dauert wie &hellip; <a class=\"more-link\" href=\"https:\/\/wordpress.derwegderwoelfe.de\/?p=3069\">Weiterlesen <span class=\"meta-nav\">&rarr;<\/span><\/a><\/p>\n","protected":false},"author":1,"featured_media":0,"comment_status":"closed","ping_status":"closed","sticky":false,"template":"","format":"standard","meta":{"footnotes":""},"categories":[1],"tags":[],"class_list":["post-3069","post","type-post","status-publish","format-standard","hentry","category-uncategorized"],"_links":{"self":[{"href":"https:\/\/wordpress.derwegderwoelfe.de\/index.php?rest_route=\/wp\/v2\/posts\/3069","targetHints":{"allow":["GET"]}}],"collection":[{"href":"https:\/\/wordpress.derwegderwoelfe.de\/index.php?rest_route=\/wp\/v2\/posts"}],"about":[{"href":"https:\/\/wordpress.derwegderwoelfe.de\/index.php?rest_route=\/wp\/v2\/types\/post"}],"author":[{"embeddable":true,"href":"https:\/\/wordpress.derwegderwoelfe.de\/index.php?rest_route=\/wp\/v2\/users\/1"}],"replies":[{"embeddable":true,"href":"https:\/\/wordpress.derwegderwoelfe.de\/index.php?rest_route=%2Fwp%2Fv2%2Fcomments&post=3069"}],"version-history":[{"count":15,"href":"https:\/\/wordpress.derwegderwoelfe.de\/index.php?rest_route=\/wp\/v2\/posts\/3069\/revisions"}],"predecessor-version":[{"id":3152,"href":"https:\/\/wordpress.derwegderwoelfe.de\/index.php?rest_route=\/wp\/v2\/posts\/3069\/revisions\/3152"}],"wp:attachment":[{"href":"https:\/\/wordpress.derwegderwoelfe.de\/index.php?rest_route=%2Fwp%2Fv2%2Fmedia&parent=3069"}],"wp:term":[{"taxonomy":"category","embeddable":true,"href":"https:\/\/wordpress.derwegderwoelfe.de\/index.php?rest_route=%2Fwp%2Fv2%2Fcategories&post=3069"},{"taxonomy":"post_tag","embeddable":true,"href":"https:\/\/wordpress.derwegderwoelfe.de\/index.php?rest_route=%2Fwp%2Fv2%2Ftags&post=3069"}],"curies":[{"name":"wp","href":"https:\/\/api.w.org\/{rel}","templated":true}]}}