{"id":3243,"date":"2023-01-13T12:10:31","date_gmt":"2023-01-13T11:10:31","guid":{"rendered":"https:\/\/wordpress.derwegderwoelfe.de\/?p=3243"},"modified":"2024-01-28T12:46:15","modified_gmt":"2024-01-28T11:46:15","slug":"termine-rumaenien-exkursionen","status":"publish","type":"post","link":"https:\/\/wordpress.derwegderwoelfe.de\/?p=3243","title":{"rendered":"Termine Rum\u00e4nien-Exkursionen"},"content":{"rendered":"\n<h2 class=\"wp-block-heading\">aktuell gibt es keine Termine f\u00fcr meine n\u00e4chsten gef\u00fchrten Wandertouren in den rum\u00e4nischen Karpaten<\/h2>\n\n\n\n<p>Der Grund ist, dass ich derzeit meine gesamten Reiseaktivit\u00e4ten und Expeditionen neu aufstelle und organisiere. Zuk\u00fcnftig bin ich viele Monate im Jahr unterwegs auf meinen Expeditionen. In bestimmten Regionen udn Zeiten kann man mich dann auf der Expedition begleiten. Zuerst muss ich aber die Grundlagen f\u00fcr mich selbst schaffen, damit ich die zuk\u00fcnftigen Expeditionspl\u00e4ne und meine Bildungsarbeit mit 40-60 Schulen pro Jahr realisieren kann.<\/p>\n\n\n\n<p><\/p>\n","protected":false},"excerpt":{"rendered":"<p>aktuell gibt es keine Termine f\u00fcr meine n\u00e4chsten gef\u00fchrten Wandertouren in den rum\u00e4nischen Karpaten Der Grund ist, dass ich derzeit meine gesamten Reiseaktivit\u00e4ten und Expeditionen neu aufstelle und organisiere. Zuk\u00fcnftig bin ich viele Monate im Jahr unterwegs auf meinen Expeditionen. &hellip; <a class=\"more-link\" href=\"https:\/\/wordpress.derwegderwoelfe.de\/?p=3243\">Weiterlesen <span class=\"meta-nav\">&rarr;<\/span><\/a><\/p>\n","protected":false},"author":1,"featured_media":0,"comment_status":"closed","ping_status":"closed","sticky":false,"template":"","format":"standard","meta":{"footnotes":""},"categories":[6],"tags":[],"class_list":["post-3243","post","type-post","status-publish","format-standard","hentry","category-termine"],"_links":{"self":[{"href":"https:\/\/wordpress.derwegderwoelfe.de\/index.php?rest_route=\/wp\/v2\/posts\/3243","targetHints":{"allow":["GET"]}}],"collection":[{"href":"https:\/\/wordpress.derwegderwoelfe.de\/index.php?rest_route=\/wp\/v2\/posts"}],"about":[{"href":"https:\/\/wordpress.derwegderwoelfe.de\/index.php?rest_route=\/wp\/v2\/types\/post"}],"author":[{"embeddable":true,"href":"https:\/\/wordpress.derwegderwoelfe.de\/index.php?rest_route=\/wp\/v2\/users\/1"}],"replies":[{"embeddable":true,"href":"https:\/\/wordpress.derwegderwoelfe.de\/index.php?rest_route=%2Fwp%2Fv2%2Fcomments&post=3243"}],"version-history":[{"count":9,"href":"https:\/\/wordpress.derwegderwoelfe.de\/index.php?rest_route=\/wp\/v2\/posts\/3243\/revisions"}],"predecessor-version":[{"id":3716,"href":"https:\/\/wordpress.derwegderwoelfe.de\/index.php?rest_route=\/wp\/v2\/posts\/3243\/revisions\/3716"}],"wp:attachment":[{"href":"https:\/\/wordpress.derwegderwoelfe.de\/index.php?rest_route=%2Fwp%2Fv2%2Fmedia&parent=3243"}],"wp:term":[{"taxonomy":"category","embeddable":true,"href":"https:\/\/wordpress.derwegderwoelfe.de\/index.php?rest_route=%2Fwp%2Fv2%2Fcategories&post=3243"},{"taxonomy":"post_tag","embeddable":true,"href":"https:\/\/wordpress.derwegderwoelfe.de\/index.php?rest_route=%2Fwp%2Fv2%2Ftags&post=3243"}],"curies":[{"name":"wp","href":"https:\/\/api.w.org\/{rel}","templated":true}]}}