{"id":3721,"date":"2025-01-10T20:53:32","date_gmt":"2025-01-10T19:53:32","guid":{"rendered":"https:\/\/wordpress.derwegderwoelfe.de\/?p=3721"},"modified":"2025-01-28T20:49:47","modified_gmt":"2025-01-28T19:49:47","slug":"impressionen-expedition-2025-iberischer-luchs","status":"publish","type":"post","link":"https:\/\/wordpress.derwegderwoelfe.de\/?p=3721","title":{"rendered":"Impressionen Expedition 2025 iberischer Luchs"},"content":{"rendered":"\n<p>Im Januar 2025 habe ich mich auf den Weg nach S\u00fcdportugal und Spanien gemacht um einige Wochen die Regionen in denen der iberische Luchs vorkommt zu erwandern. <\/p>\n\n\n\n<p>7.-11.Januar: lange Anreise bis ins Zielgebiet. Am Strand in Nordspanien angekommen. Etwa 15\u00b0C warm, leichter Regen und windig.<\/p>\n\n\n\n<p><img loading=\"lazy\" decoding=\"async\" width=\"600\" height=\"450\" class=\"wp-image-3724\" style=\"width: 600px;\" src=\"https:\/\/wordpress.derwegderwoelfe.de\/wp-content\/uploads\/2025\/01\/IMG_20250109_100300_766-scaled.jpg\" alt=\"\" srcset=\"https:\/\/wordpress.derwegderwoelfe.de\/wp-content\/uploads\/2025\/01\/IMG_20250109_100300_766-scaled.jpg 2560w, https:\/\/wordpress.derwegderwoelfe.de\/wp-content\/uploads\/2025\/01\/IMG_20250109_100300_766-300x225.jpg 300w, https:\/\/wordpress.derwegderwoelfe.de\/wp-content\/uploads\/2025\/01\/IMG_20250109_100300_766-1024x768.jpg 1024w, https:\/\/wordpress.derwegderwoelfe.de\/wp-content\/uploads\/2025\/01\/IMG_20250109_100300_766-768x576.jpg 768w, https:\/\/wordpress.derwegderwoelfe.de\/wp-content\/uploads\/2025\/01\/IMG_20250109_100300_766-1536x1152.jpg 1536w, https:\/\/wordpress.derwegderwoelfe.de\/wp-content\/uploads\/2025\/01\/IMG_20250109_100300_766-2048x1536.jpg 2048w, https:\/\/wordpress.derwegderwoelfe.de\/wp-content\/uploads\/2025\/01\/IMG_20250109_100300_766-400x300.jpg 400w\" sizes=\"auto, (max-width: 600px) 100vw, 600px\" \/><\/p>\n\n\n\n<p>Auf der Karte habe ich die drei Hauptregionen markiert in denen ich nach Spuren, Hinweisen und Informationen zum iberischen Luchs (Lynx pardinus) suchen werde. Dabei nehme ich die Ausbreitungskarten des Luchses als Referenz, schaue mich aber auch in den Gebieten dazwischen um. In Portugal ist es das Schutzgebiet um das Guadiana Tal. Es geh\u00f6rt gleichzeitig zu den w\u00e4rmsten Regionen in Portugal. In Spanien befindet sich die zweite Expeditionsregion westlich von Huelva in Schutzgebiet Donana und Umgebung. Die dritte Region habe ich bei dem Schutzgebiet Sierra de Andujar eingezeichnet. Allerdings sind hier weitere Ausbreitungsgebiete in der gr\u00f6\u00dferen Umgebung bekannt. Wo ich dann genau sein werde, entscheide ich spontan vor Ort. <img loading=\"lazy\" decoding=\"async\" width=\"600\" height=\"422\" class=\"wp-image-3728\" style=\"width: 600px;\" src=\"https:\/\/wordpress.derwegderwoelfe.de\/wp-content\/uploads\/2025\/01\/Exped-Regionen-Luchs.jpg\" alt=\"\" srcset=\"https:\/\/wordpress.derwegderwoelfe.de\/wp-content\/uploads\/2025\/01\/Exped-Regionen-Luchs.jpg 1512w, https:\/\/wordpress.derwegderwoelfe.de\/wp-content\/uploads\/2025\/01\/Exped-Regionen-Luchs-300x211.jpg 300w, https:\/\/wordpress.derwegderwoelfe.de\/wp-content\/uploads\/2025\/01\/Exped-Regionen-Luchs-1024x721.jpg 1024w, https:\/\/wordpress.derwegderwoelfe.de\/wp-content\/uploads\/2025\/01\/Exped-Regionen-Luchs-768x540.jpg 768w, https:\/\/wordpress.derwegderwoelfe.de\/wp-content\/uploads\/2025\/01\/Exped-Regionen-Luchs-426x300.jpg 426w\" sizes=\"auto, (max-width: 600px) 100vw, 600px\" \/> <\/p>\n\n\n\n<p>14.Januar<\/p>\n\n\n\n<p>Ich bin jetzt seit drei Tagen im Naturpark Guadiana unterwegs. An unterschiedlichen Stellen. Einen Luchs habe ich noch nicht gesehen, aber daf\u00fcr bin ich mir recht sicher, dass ich die Spuren gefunden habe, gleich mehrfach. Nach den offiziellen Angaben die ich habe soll es in der Region etwa 290 iberische Luchse geben. Die Reviere m\u00fcssen damit deutlich kleiner sein, als beim eurasischen Luchs, sonst w\u00e4re die Region viel zu klein, f\u00fcr so viele Luchse. So steht es allerdings auch in der Literatur. Hier ein paar Bilder auch von der Landschaft. <\/p>\n\n\n\n<p><img loading=\"lazy\" decoding=\"async\" width=\"600\" height=\"450\" class=\"wp-image-3731\" style=\"width: 600px;\" src=\"https:\/\/wordpress.derwegderwoelfe.de\/wp-content\/uploads\/2025\/01\/DSCN3207-scaled.jpg\" alt=\"\" srcset=\"https:\/\/wordpress.derwegderwoelfe.de\/wp-content\/uploads\/2025\/01\/DSCN3207-scaled.jpg 2560w, https:\/\/wordpress.derwegderwoelfe.de\/wp-content\/uploads\/2025\/01\/DSCN3207-300x225.jpg 300w, https:\/\/wordpress.derwegderwoelfe.de\/wp-content\/uploads\/2025\/01\/DSCN3207-1024x768.jpg 1024w, https:\/\/wordpress.derwegderwoelfe.de\/wp-content\/uploads\/2025\/01\/DSCN3207-768x576.jpg 768w, https:\/\/wordpress.derwegderwoelfe.de\/wp-content\/uploads\/2025\/01\/DSCN3207-1536x1152.jpg 1536w, https:\/\/wordpress.derwegderwoelfe.de\/wp-content\/uploads\/2025\/01\/DSCN3207-2048x1536.jpg 2048w, https:\/\/wordpress.derwegderwoelfe.de\/wp-content\/uploads\/2025\/01\/DSCN3207-400x300.jpg 400w\" sizes=\"auto, (max-width: 600px) 100vw, 600px\" \/>  Die<img loading=\"lazy\" decoding=\"async\" width=\"600\" height=\"599\" class=\"wp-image-3737\" style=\"width: 600px;\" src=\"https:\/\/wordpress.derwegderwoelfe.de\/wp-content\/uploads\/2025\/01\/P1040202.jpg\" alt=\"\" srcset=\"https:\/\/wordpress.derwegderwoelfe.de\/wp-content\/uploads\/2025\/01\/P1040202.jpg 2096w, https:\/\/wordpress.derwegderwoelfe.de\/wp-content\/uploads\/2025\/01\/P1040202-300x300.jpg 300w, https:\/\/wordpress.derwegderwoelfe.de\/wp-content\/uploads\/2025\/01\/P1040202-1024x1022.jpg 1024w, https:\/\/wordpress.derwegderwoelfe.de\/wp-content\/uploads\/2025\/01\/P1040202-150x150.jpg 150w, https:\/\/wordpress.derwegderwoelfe.de\/wp-content\/uploads\/2025\/01\/P1040202-768x766.jpg 768w, https:\/\/wordpress.derwegderwoelfe.de\/wp-content\/uploads\/2025\/01\/P1040202-1536x1532.jpg 1536w, https:\/\/wordpress.derwegderwoelfe.de\/wp-content\/uploads\/2025\/01\/P1040202-2048x2043.jpg 2048w, https:\/\/wordpress.derwegderwoelfe.de\/wp-content\/uploads\/2025\/01\/P1040202-301x300.jpg 301w\" sizes=\"auto, (max-width: 600px) 100vw, 600px\" \/>Die Spur ist asymmetrisch und etwa 4,5&#215;4,5cm gros, also rundlich. Man kann keine Krallen erkennen. Nach dem Ausschlussprinzip und meiner Einsch\u00e4tzung ist das eine Luchsspur. Daneben waren Kaninchenspuren, die mir zun\u00e4chst sehr klein vorgekommen sind. Mittlerweile habe ich sowohl mit der Wildtierkamera als auch ohne ein paar gesehen. Die sind kleiner als ich erwartet hatte. Dann passen auch die Spuren. <img loading=\"lazy\" decoding=\"async\" width=\"600\" height=\"338\" class=\"wp-image-3740\" style=\"width: 600px;\" src=\"https:\/\/wordpress.derwegderwoelfe.de\/wp-content\/uploads\/2025\/01\/P1040259-frame-at-0m4s-scaled.jpg\" alt=\"\" srcset=\"https:\/\/wordpress.derwegderwoelfe.de\/wp-content\/uploads\/2025\/01\/P1040259-frame-at-0m4s-scaled.jpg 2560w, https:\/\/wordpress.derwegderwoelfe.de\/wp-content\/uploads\/2025\/01\/P1040259-frame-at-0m4s-300x169.jpg 300w, https:\/\/wordpress.derwegderwoelfe.de\/wp-content\/uploads\/2025\/01\/P1040259-frame-at-0m4s-1024x576.jpg 1024w, https:\/\/wordpress.derwegderwoelfe.de\/wp-content\/uploads\/2025\/01\/P1040259-frame-at-0m4s-768x432.jpg 768w, https:\/\/wordpress.derwegderwoelfe.de\/wp-content\/uploads\/2025\/01\/P1040259-frame-at-0m4s-1536x864.jpg 1536w, https:\/\/wordpress.derwegderwoelfe.de\/wp-content\/uploads\/2025\/01\/P1040259-frame-at-0m4s-2048x1152.jpg 2048w, https:\/\/wordpress.derwegderwoelfe.de\/wp-content\/uploads\/2025\/01\/P1040259-frame-at-0m4s-500x281.jpg 500w\" sizes=\"auto, (max-width: 600px) 100vw, 600px\" \/> <\/p>\n\n\n\n<p>Am fr\u00fchen Morgen konnte ich dann endlich auch mal ein Kaninchen aufnehmen. So bei den Tageswanderungen habe ich ansonsten noch keine beobachten k\u00f6nnen.<\/p>\n\n\n\n<p>ier noch ein paar Vogelaufnahmen. Eisvogel, beim paddeln, eine Haubenlerche, ein Rotkehlchen und eine Blauelster. Mir erscheinen die meisten V\u00f6gel sehr scheu. <img loading=\"lazy\" decoding=\"async\" width=\"600\" height=\"596\" class=\"wp-image-3739\" style=\"width: 600px;\" src=\"https:\/\/wordpress.derwegderwoelfe.de\/wp-content\/uploads\/2025\/01\/P1040238.jpg\" alt=\"\" srcset=\"https:\/\/wordpress.derwegderwoelfe.de\/wp-content\/uploads\/2025\/01\/P1040238.jpg 2118w, https:\/\/wordpress.derwegderwoelfe.de\/wp-content\/uploads\/2025\/01\/P1040238-300x298.jpg 300w, https:\/\/wordpress.derwegderwoelfe.de\/wp-content\/uploads\/2025\/01\/P1040238-1024x1017.jpg 1024w, https:\/\/wordpress.derwegderwoelfe.de\/wp-content\/uploads\/2025\/01\/P1040238-150x150.jpg 150w, https:\/\/wordpress.derwegderwoelfe.de\/wp-content\/uploads\/2025\/01\/P1040238-768x763.jpg 768w, https:\/\/wordpress.derwegderwoelfe.de\/wp-content\/uploads\/2025\/01\/P1040238-1536x1525.jpg 1536w, https:\/\/wordpress.derwegderwoelfe.de\/wp-content\/uploads\/2025\/01\/P1040238-2048x2033.jpg 2048w, https:\/\/wordpress.derwegderwoelfe.de\/wp-content\/uploads\/2025\/01\/P1040238-302x300.jpg 302w\" sizes=\"auto, (max-width: 600px) 100vw, 600px\" \/><img loading=\"lazy\" decoding=\"async\" width=\"600\" height=\"603\" class=\"wp-image-3738\" style=\"width: 600px;\" src=\"https:\/\/wordpress.derwegderwoelfe.de\/wp-content\/uploads\/2025\/01\/P1040218.jpg\" alt=\"\" srcset=\"https:\/\/wordpress.derwegderwoelfe.de\/wp-content\/uploads\/2025\/01\/P1040218.jpg 1725w, https:\/\/wordpress.derwegderwoelfe.de\/wp-content\/uploads\/2025\/01\/P1040218-1019x1024.jpg 1019w, https:\/\/wordpress.derwegderwoelfe.de\/wp-content\/uploads\/2025\/01\/P1040218-150x150.jpg 150w, https:\/\/wordpress.derwegderwoelfe.de\/wp-content\/uploads\/2025\/01\/P1040218-768x772.jpg 768w, https:\/\/wordpress.derwegderwoelfe.de\/wp-content\/uploads\/2025\/01\/P1040218-1529x1536.jpg 1529w, https:\/\/wordpress.derwegderwoelfe.de\/wp-content\/uploads\/2025\/01\/P1040218-299x300.jpg 299w\" sizes=\"auto, (max-width: 600px) 100vw, 600px\" \/><img loading=\"lazy\" decoding=\"async\" width=\"600\" height=\"605\" class=\"wp-image-3743\" style=\"width: 600px;\" src=\"https:\/\/wordpress.derwegderwoelfe.de\/wp-content\/uploads\/2025\/01\/P1040181.jpg\" alt=\"\" srcset=\"https:\/\/wordpress.derwegderwoelfe.de\/wp-content\/uploads\/2025\/01\/P1040181.jpg 1796w, https:\/\/wordpress.derwegderwoelfe.de\/wp-content\/uploads\/2025\/01\/P1040181-298x300.jpg 298w, https:\/\/wordpress.derwegderwoelfe.de\/wp-content\/uploads\/2025\/01\/P1040181-1016x1024.jpg 1016w, https:\/\/wordpress.derwegderwoelfe.de\/wp-content\/uploads\/2025\/01\/P1040181-150x150.jpg 150w, https:\/\/wordpress.derwegderwoelfe.de\/wp-content\/uploads\/2025\/01\/P1040181-768x774.jpg 768w, https:\/\/wordpress.derwegderwoelfe.de\/wp-content\/uploads\/2025\/01\/P1040181-1523x1536.jpg 1523w\" sizes=\"auto, (max-width: 600px) 100vw, 600px\" \/><img loading=\"lazy\" decoding=\"async\" width=\"600\" height=\"600\" class=\"wp-image-3744\" style=\"width: 600px;\" src=\"https:\/\/wordpress.derwegderwoelfe.de\/wp-content\/uploads\/2025\/01\/P1040266.jpg\" alt=\"\" srcset=\"https:\/\/wordpress.derwegderwoelfe.de\/wp-content\/uploads\/2025\/01\/P1040266.jpg 1081w, https:\/\/wordpress.derwegderwoelfe.de\/wp-content\/uploads\/2025\/01\/P1040266-300x300.jpg 300w, https:\/\/wordpress.derwegderwoelfe.de\/wp-content\/uploads\/2025\/01\/P1040266-1024x1024.jpg 1024w, https:\/\/wordpress.derwegderwoelfe.de\/wp-content\/uploads\/2025\/01\/P1040266-150x150.jpg 150w, https:\/\/wordpress.derwegderwoelfe.de\/wp-content\/uploads\/2025\/01\/P1040266-768x768.jpg 768w\" sizes=\"auto, (max-width: 600px) 100vw, 600px\" \/><img loading=\"lazy\" decoding=\"async\" width=\"600\" height=\"450\" class=\"wp-image-3736\" style=\"width: 600px;\" src=\"https:\/\/wordpress.derwegderwoelfe.de\/wp-content\/uploads\/2025\/01\/DSCN3240-scaled.jpg\" alt=\"\" srcset=\"https:\/\/wordpress.derwegderwoelfe.de\/wp-content\/uploads\/2025\/01\/DSCN3240-scaled.jpg 2560w, https:\/\/wordpress.derwegderwoelfe.de\/wp-content\/uploads\/2025\/01\/DSCN3240-300x225.jpg 300w, https:\/\/wordpress.derwegderwoelfe.de\/wp-content\/uploads\/2025\/01\/DSCN3240-1024x768.jpg 1024w, https:\/\/wordpress.derwegderwoelfe.de\/wp-content\/uploads\/2025\/01\/DSCN3240-768x576.jpg 768w, https:\/\/wordpress.derwegderwoelfe.de\/wp-content\/uploads\/2025\/01\/DSCN3240-1536x1152.jpg 1536w, https:\/\/wordpress.derwegderwoelfe.de\/wp-content\/uploads\/2025\/01\/DSCN3240-2048x1536.jpg 2048w, https:\/\/wordpress.derwegderwoelfe.de\/wp-content\/uploads\/2025\/01\/DSCN3240-400x300.jpg 400w\" sizes=\"auto, (max-width: 600px) 100vw, 600px\" \/><\/p>\n\n\n\n<p>17.Januar <\/p>\n\n\n\n<p>In der Zwischenzeit bin ich in die n\u00e4chste Region bei Hueva in Spanien, dem Donana Schutzgebiet gefahren. Das ist pl\u00f6tzlich wie in einer anderen Welt, ein v\u00f6llig anderes Habitat, direkt an der K\u00fcste. Hier habe ich nur D\u00fcnen zum Strand und ansonsten ist alles flach und sandig. Hier soll es etwa 90 Luchse geben. Es ist eine neue Herausforderung f\u00fcr mich auf diesem Sand Spuren zu lesen. Hier ein paar Bilder von der Umgebung und von einigen Spuren. <img loading=\"lazy\" decoding=\"async\" width=\"600\" height=\"450\" class=\"wp-image-3756\" style=\"width: 600px;\" src=\"https:\/\/wordpress.derwegderwoelfe.de\/wp-content\/uploads\/2025\/01\/DSCN3259.jpg\" alt=\"\" srcset=\"https:\/\/wordpress.derwegderwoelfe.de\/wp-content\/uploads\/2025\/01\/DSCN3259.jpg 1382w, https:\/\/wordpress.derwegderwoelfe.de\/wp-content\/uploads\/2025\/01\/DSCN3259-300x225.jpg 300w, https:\/\/wordpress.derwegderwoelfe.de\/wp-content\/uploads\/2025\/01\/DSCN3259-1024x768.jpg 1024w, https:\/\/wordpress.derwegderwoelfe.de\/wp-content\/uploads\/2025\/01\/DSCN3259-768x576.jpg 768w, https:\/\/wordpress.derwegderwoelfe.de\/wp-content\/uploads\/2025\/01\/DSCN3259-400x300.jpg 400w\" sizes=\"auto, (max-width: 600px) 100vw, 600px\" \/><img loading=\"lazy\" decoding=\"async\" width=\"600\" height=\"450\" class=\"wp-image-3749\" style=\"width: 600px;\" src=\"https:\/\/wordpress.derwegderwoelfe.de\/wp-content\/uploads\/2025\/01\/DSCN3261.jpg\" alt=\"\" srcset=\"https:\/\/wordpress.derwegderwoelfe.de\/wp-content\/uploads\/2025\/01\/DSCN3261.jpg 1382w, https:\/\/wordpress.derwegderwoelfe.de\/wp-content\/uploads\/2025\/01\/DSCN3261-300x225.jpg 300w, https:\/\/wordpress.derwegderwoelfe.de\/wp-content\/uploads\/2025\/01\/DSCN3261-1024x768.jpg 1024w, https:\/\/wordpress.derwegderwoelfe.de\/wp-content\/uploads\/2025\/01\/DSCN3261-768x576.jpg 768w, https:\/\/wordpress.derwegderwoelfe.de\/wp-content\/uploads\/2025\/01\/DSCN3261-400x300.jpg 400w\" sizes=\"auto, (max-width: 600px) 100vw, 600px\" \/><img loading=\"lazy\" decoding=\"async\" width=\"600\" height=\"450\" class=\"wp-image-3753\" style=\"width: 600px;\" src=\"https:\/\/wordpress.derwegderwoelfe.de\/wp-content\/uploads\/2025\/01\/DSCN3279-scaled.jpg\" alt=\"\" srcset=\"https:\/\/wordpress.derwegderwoelfe.de\/wp-content\/uploads\/2025\/01\/DSCN3279-scaled.jpg 2560w, https:\/\/wordpress.derwegderwoelfe.de\/wp-content\/uploads\/2025\/01\/DSCN3279-300x225.jpg 300w, https:\/\/wordpress.derwegderwoelfe.de\/wp-content\/uploads\/2025\/01\/DSCN3279-1024x768.jpg 1024w, https:\/\/wordpress.derwegderwoelfe.de\/wp-content\/uploads\/2025\/01\/DSCN3279-768x576.jpg 768w, https:\/\/wordpress.derwegderwoelfe.de\/wp-content\/uploads\/2025\/01\/DSCN3279-1536x1152.jpg 1536w, https:\/\/wordpress.derwegderwoelfe.de\/wp-content\/uploads\/2025\/01\/DSCN3279-2048x1536.jpg 2048w, https:\/\/wordpress.derwegderwoelfe.de\/wp-content\/uploads\/2025\/01\/DSCN3279-400x300.jpg 400w\" sizes=\"auto, (max-width: 600px) 100vw, 600px\" \/><\/p>\n\n\n\n<p>Kaninchenspuren, blaue Pfeile sind die Hinterpfoten, die orangen Pfeile die Vorderpfoten. <\/p>\n\n\n\n<p>Hier kommen noch Dachsspuren, Hirschspuren und ein Pfotenabdruck, der wieder vom Luchs sein k\u00f6nnte. Da habe ich zur Verdeutlichung die Zehen und den Pfotenballen umrandet. Jetzt erkennt man die leichte Asymmetrie. Die blauen P\u00fcnktchen zeigen verdeutlichen nur die Mittellinien.  <img loading=\"lazy\" decoding=\"async\" width=\"600\" height=\"450\" class=\"wp-image-3750\" style=\"width: 600px;\" src=\"https:\/\/wordpress.derwegderwoelfe.de\/wp-content\/uploads\/2025\/01\/DSCN3267.jpg\" alt=\"\" srcset=\"https:\/\/wordpress.derwegderwoelfe.de\/wp-content\/uploads\/2025\/01\/DSCN3267.jpg 1382w, https:\/\/wordpress.derwegderwoelfe.de\/wp-content\/uploads\/2025\/01\/DSCN3267-300x225.jpg 300w, https:\/\/wordpress.derwegderwoelfe.de\/wp-content\/uploads\/2025\/01\/DSCN3267-1024x768.jpg 1024w, https:\/\/wordpress.derwegderwoelfe.de\/wp-content\/uploads\/2025\/01\/DSCN3267-768x576.jpg 768w, https:\/\/wordpress.derwegderwoelfe.de\/wp-content\/uploads\/2025\/01\/DSCN3267-400x300.jpg 400w\" sizes=\"auto, (max-width: 600px) 100vw, 600px\" \/><img loading=\"lazy\" decoding=\"async\" width=\"600\" height=\"450\" class=\"wp-image-3757\" style=\"width: 600px;\" src=\"https:\/\/wordpress.derwegderwoelfe.de\/wp-content\/uploads\/2025\/01\/DSCN3250.jpg\" alt=\"\" srcset=\"https:\/\/wordpress.derwegderwoelfe.de\/wp-content\/uploads\/2025\/01\/DSCN3250.jpg 1382w, https:\/\/wordpress.derwegderwoelfe.de\/wp-content\/uploads\/2025\/01\/DSCN3250-300x225.jpg 300w, https:\/\/wordpress.derwegderwoelfe.de\/wp-content\/uploads\/2025\/01\/DSCN3250-1024x768.jpg 1024w, https:\/\/wordpress.derwegderwoelfe.de\/wp-content\/uploads\/2025\/01\/DSCN3250-768x576.jpg 768w, https:\/\/wordpress.derwegderwoelfe.de\/wp-content\/uploads\/2025\/01\/DSCN3250-400x300.jpg 400w\" sizes=\"auto, (max-width: 600px) 100vw, 600px\" \/><img loading=\"lazy\" decoding=\"async\" width=\"600\" height=\"450\" class=\"wp-image-3751\" style=\"width: 600px;\" src=\"https:\/\/wordpress.derwegderwoelfe.de\/wp-content\/uploads\/2025\/01\/DSCN3268-scaled.jpg\" alt=\"\" srcset=\"https:\/\/wordpress.derwegderwoelfe.de\/wp-content\/uploads\/2025\/01\/DSCN3268-scaled.jpg 2560w, https:\/\/wordpress.derwegderwoelfe.de\/wp-content\/uploads\/2025\/01\/DSCN3268-300x225.jpg 300w, https:\/\/wordpress.derwegderwoelfe.de\/wp-content\/uploads\/2025\/01\/DSCN3268-1024x768.jpg 1024w, https:\/\/wordpress.derwegderwoelfe.de\/wp-content\/uploads\/2025\/01\/DSCN3268-768x576.jpg 768w, https:\/\/wordpress.derwegderwoelfe.de\/wp-content\/uploads\/2025\/01\/DSCN3268-1536x1152.jpg 1536w, https:\/\/wordpress.derwegderwoelfe.de\/wp-content\/uploads\/2025\/01\/DSCN3268-2048x1536.jpg 2048w, https:\/\/wordpress.derwegderwoelfe.de\/wp-content\/uploads\/2025\/01\/DSCN3268-400x300.jpg 400w\" sizes=\"auto, (max-width: 600px) 100vw, 600px\" \/><\/p>\n\n\n\n<p>Es ist ein sehr feiner und trockener Sand. Weil st\u00e4ndig ein Wind weht, werden die Spuren schnell verschwommen. Der Sand der aus meiner Hand rieselt, zeigt die wie der Sand verweht wird. Zum Schluss bin ich heute noch ins Meer. Das ist aber so kalt, dass die Haut sofort wie taub wirkt. Musste aber trotzdem sein.<\/p>\n\n\n\n<p><img loading=\"lazy\" decoding=\"async\" width=\"600\" height=\"338\" class=\"wp-image-3754\" style=\"width: 600px;\" src=\"https:\/\/wordpress.derwegderwoelfe.de\/wp-content\/uploads\/2025\/01\/DSCN3281-frame-at-0m19s-scaled.jpg\" alt=\"\" srcset=\"https:\/\/wordpress.derwegderwoelfe.de\/wp-content\/uploads\/2025\/01\/DSCN3281-frame-at-0m19s-scaled.jpg 2560w, https:\/\/wordpress.derwegderwoelfe.de\/wp-content\/uploads\/2025\/01\/DSCN3281-frame-at-0m19s-300x169.jpg 300w, https:\/\/wordpress.derwegderwoelfe.de\/wp-content\/uploads\/2025\/01\/DSCN3281-frame-at-0m19s-1024x576.jpg 1024w, https:\/\/wordpress.derwegderwoelfe.de\/wp-content\/uploads\/2025\/01\/DSCN3281-frame-at-0m19s-768x432.jpg 768w, https:\/\/wordpress.derwegderwoelfe.de\/wp-content\/uploads\/2025\/01\/DSCN3281-frame-at-0m19s-1536x864.jpg 1536w, https:\/\/wordpress.derwegderwoelfe.de\/wp-content\/uploads\/2025\/01\/DSCN3281-frame-at-0m19s-2048x1152.jpg 2048w, https:\/\/wordpress.derwegderwoelfe.de\/wp-content\/uploads\/2025\/01\/DSCN3281-frame-at-0m19s-500x281.jpg 500w\" sizes=\"auto, (max-width: 600px) 100vw, 600px\" \/><img loading=\"lazy\" decoding=\"async\" width=\"600\" height=\"338\" class=\"wp-image-3755\" style=\"width: 600px;\" src=\"https:\/\/wordpress.derwegderwoelfe.de\/wp-content\/uploads\/2025\/01\/DSCN3283-frame-at-0m38s-scaled.jpg\" alt=\"\" srcset=\"https:\/\/wordpress.derwegderwoelfe.de\/wp-content\/uploads\/2025\/01\/DSCN3283-frame-at-0m38s-scaled.jpg 2560w, https:\/\/wordpress.derwegderwoelfe.de\/wp-content\/uploads\/2025\/01\/DSCN3283-frame-at-0m38s-300x169.jpg 300w, https:\/\/wordpress.derwegderwoelfe.de\/wp-content\/uploads\/2025\/01\/DSCN3283-frame-at-0m38s-1024x576.jpg 1024w, https:\/\/wordpress.derwegderwoelfe.de\/wp-content\/uploads\/2025\/01\/DSCN3283-frame-at-0m38s-768x432.jpg 768w, https:\/\/wordpress.derwegderwoelfe.de\/wp-content\/uploads\/2025\/01\/DSCN3283-frame-at-0m38s-1536x864.jpg 1536w, https:\/\/wordpress.derwegderwoelfe.de\/wp-content\/uploads\/2025\/01\/DSCN3283-frame-at-0m38s-2048x1152.jpg 2048w, https:\/\/wordpress.derwegderwoelfe.de\/wp-content\/uploads\/2025\/01\/DSCN3283-frame-at-0m38s-500x281.jpg 500w\" sizes=\"auto, (max-width: 600px) 100vw, 600px\" \/><\/p>\n\n\n\n<p>22.Januar<\/p>\n\n\n\n<p>Ich habe im Donana Schutzgebiet noch das Besucherzentrum besucht und dort hatten sie auch ein Luchsgehege mit zwei Luchsen die nicht mehr ausgewildert werden k\u00f6nnen. Das Gehege konnte man aber nur mit einer F\u00fchrung besuchen und das war ein Gl\u00fccksfall, dass ich gerade rechtzeitig da war und der F\u00fchrer auch relativ gut englisch sprach und mir viele weitere Informationen geben konnte. Danach habe ich noch eine etwa 18-20km lange Wanderung von El Rocio entlang einer Sandstra\u00dfe aus unternommen. Dort konnte ich etliche Spuren von Kaninchen, Hirschen, Dachsen und auch von den Luchsen finden. El Rocio habe ich ebenfalls zum Spa\u00df durchwandert, weil es keine asphaltieren Stra\u00dfen sondern nur Sand gab, viele Pferde und Kutschen unterwegs waren und die Stadt einen leichten Westerncharakter hat. Hier ein paar Bilder. <img loading=\"lazy\" decoding=\"async\" width=\"600\" height=\"450\" class=\"wp-image-3770\" style=\"width: 600px;\" src=\"https:\/\/wordpress.derwegderwoelfe.de\/wp-content\/uploads\/2025\/01\/IMG_20250117_185101_493.jpg\" alt=\"\" srcset=\"https:\/\/wordpress.derwegderwoelfe.de\/wp-content\/uploads\/2025\/01\/IMG_20250117_185101_493.jpg 2458w, https:\/\/wordpress.derwegderwoelfe.de\/wp-content\/uploads\/2025\/01\/IMG_20250117_185101_493-300x225.jpg 300w, https:\/\/wordpress.derwegderwoelfe.de\/wp-content\/uploads\/2025\/01\/IMG_20250117_185101_493-1024x768.jpg 1024w, https:\/\/wordpress.derwegderwoelfe.de\/wp-content\/uploads\/2025\/01\/IMG_20250117_185101_493-768x576.jpg 768w, https:\/\/wordpress.derwegderwoelfe.de\/wp-content\/uploads\/2025\/01\/IMG_20250117_185101_493-1536x1152.jpg 1536w, https:\/\/wordpress.derwegderwoelfe.de\/wp-content\/uploads\/2025\/01\/IMG_20250117_185101_493-2048x1536.jpg 2048w, https:\/\/wordpress.derwegderwoelfe.de\/wp-content\/uploads\/2025\/01\/IMG_20250117_185101_493-400x300.jpg 400w\" sizes=\"auto, (max-width: 600px) 100vw, 600px\" \/><img loading=\"lazy\" decoding=\"async\" width=\"600\" height=\"601\" class=\"wp-image-3764\" style=\"width: 600px;\" src=\"https:\/\/wordpress.derwegderwoelfe.de\/wp-content\/uploads\/2025\/01\/P1040390.jpg\" alt=\"\" srcset=\"https:\/\/wordpress.derwegderwoelfe.de\/wp-content\/uploads\/2025\/01\/P1040390.jpg 2064w, https:\/\/wordpress.derwegderwoelfe.de\/wp-content\/uploads\/2025\/01\/P1040390-300x300.jpg 300w, https:\/\/wordpress.derwegderwoelfe.de\/wp-content\/uploads\/2025\/01\/P1040390-1024x1024.jpg 1024w, https:\/\/wordpress.derwegderwoelfe.de\/wp-content\/uploads\/2025\/01\/P1040390-150x150.jpg 150w, https:\/\/wordpress.derwegderwoelfe.de\/wp-content\/uploads\/2025\/01\/P1040390-768x769.jpg 768w, https:\/\/wordpress.derwegderwoelfe.de\/wp-content\/uploads\/2025\/01\/P1040390-1536x1536.jpg 1536w, https:\/\/wordpress.derwegderwoelfe.de\/wp-content\/uploads\/2025\/01\/P1040390-2046x2048.jpg 2046w\" sizes=\"auto, (max-width: 600px) 100vw, 600px\" \/> <img loading=\"lazy\" decoding=\"async\" width=\"600\" height=\"597\" class=\"wp-image-3761\" style=\"width: 600px;\" src=\"https:\/\/wordpress.derwegderwoelfe.de\/wp-content\/uploads\/2025\/01\/P1040378.jpg\" alt=\"\" srcset=\"https:\/\/wordpress.derwegderwoelfe.de\/wp-content\/uploads\/2025\/01\/P1040378.jpg 1803w, https:\/\/wordpress.derwegderwoelfe.de\/wp-content\/uploads\/2025\/01\/P1040378-300x300.jpg 300w, https:\/\/wordpress.derwegderwoelfe.de\/wp-content\/uploads\/2025\/01\/P1040378-1024x1019.jpg 1024w, https:\/\/wordpress.derwegderwoelfe.de\/wp-content\/uploads\/2025\/01\/P1040378-150x150.jpg 150w, https:\/\/wordpress.derwegderwoelfe.de\/wp-content\/uploads\/2025\/01\/P1040378-768x765.jpg 768w, https:\/\/wordpress.derwegderwoelfe.de\/wp-content\/uploads\/2025\/01\/P1040378-1536x1529.jpg 1536w, https:\/\/wordpress.derwegderwoelfe.de\/wp-content\/uploads\/2025\/01\/P1040378-301x300.jpg 301w\" sizes=\"auto, (max-width: 600px) 100vw, 600px\" \/><img loading=\"lazy\" decoding=\"async\" width=\"600\" height=\"598\" class=\"wp-image-3767\" style=\"width: 600px;\" src=\"https:\/\/wordpress.derwegderwoelfe.de\/wp-content\/uploads\/2025\/01\/P1040412.jpg\" alt=\"\" srcset=\"https:\/\/wordpress.derwegderwoelfe.de\/wp-content\/uploads\/2025\/01\/P1040412.jpg 1526w, https:\/\/wordpress.derwegderwoelfe.de\/wp-content\/uploads\/2025\/01\/P1040412-300x300.jpg 300w, https:\/\/wordpress.derwegderwoelfe.de\/wp-content\/uploads\/2025\/01\/P1040412-1024x1021.jpg 1024w, https:\/\/wordpress.derwegderwoelfe.de\/wp-content\/uploads\/2025\/01\/P1040412-150x150.jpg 150w, https:\/\/wordpress.derwegderwoelfe.de\/wp-content\/uploads\/2025\/01\/P1040412-768x766.jpg 768w, https:\/\/wordpress.derwegderwoelfe.de\/wp-content\/uploads\/2025\/01\/P1040412-301x300.jpg 301w\" sizes=\"auto, (max-width: 600px) 100vw, 600px\" \/><img loading=\"lazy\" decoding=\"async\" width=\"600\" height=\"595\" class=\"wp-image-3766\" style=\"width: 600px;\" src=\"https:\/\/wordpress.derwegderwoelfe.de\/wp-content\/uploads\/2025\/01\/P1040401.jpg\" alt=\"\" srcset=\"https:\/\/wordpress.derwegderwoelfe.de\/wp-content\/uploads\/2025\/01\/P1040401.jpg 2003w, https:\/\/wordpress.derwegderwoelfe.de\/wp-content\/uploads\/2025\/01\/P1040401-300x297.jpg 300w, https:\/\/wordpress.derwegderwoelfe.de\/wp-content\/uploads\/2025\/01\/P1040401-1024x1015.jpg 1024w, https:\/\/wordpress.derwegderwoelfe.de\/wp-content\/uploads\/2025\/01\/P1040401-150x150.jpg 150w, https:\/\/wordpress.derwegderwoelfe.de\/wp-content\/uploads\/2025\/01\/P1040401-768x761.jpg 768w, https:\/\/wordpress.derwegderwoelfe.de\/wp-content\/uploads\/2025\/01\/P1040401-1536x1522.jpg 1536w, https:\/\/wordpress.derwegderwoelfe.de\/wp-content\/uploads\/2025\/01\/P1040401-303x300.jpg 303w\" sizes=\"auto, (max-width: 600px) 100vw, 600px\" \/><img loading=\"lazy\" decoding=\"async\" width=\"600\" height=\"600\" class=\"wp-image-3765\" style=\"width: 600px;\" src=\"https:\/\/wordpress.derwegderwoelfe.de\/wp-content\/uploads\/2025\/01\/P1040393.jpg\" alt=\"\" srcset=\"https:\/\/wordpress.derwegderwoelfe.de\/wp-content\/uploads\/2025\/01\/P1040393.jpg 1849w, https:\/\/wordpress.derwegderwoelfe.de\/wp-content\/uploads\/2025\/01\/P1040393-300x300.jpg 300w, https:\/\/wordpress.derwegderwoelfe.de\/wp-content\/uploads\/2025\/01\/P1040393-1024x1024.jpg 1024w, https:\/\/wordpress.derwegderwoelfe.de\/wp-content\/uploads\/2025\/01\/P1040393-150x150.jpg 150w, https:\/\/wordpress.derwegderwoelfe.de\/wp-content\/uploads\/2025\/01\/P1040393-768x768.jpg 768w, https:\/\/wordpress.derwegderwoelfe.de\/wp-content\/uploads\/2025\/01\/P1040393-1536x1536.jpg 1536w\" sizes=\"auto, (max-width: 600px) 100vw, 600px\" \/><img loading=\"lazy\" decoding=\"async\" width=\"600\" height=\"596\" class=\"wp-image-3768\" style=\"width: 600px;\" src=\"https:\/\/wordpress.derwegderwoelfe.de\/wp-content\/uploads\/2025\/01\/P1040415.jpg\" alt=\"\" srcset=\"https:\/\/wordpress.derwegderwoelfe.de\/wp-content\/uploads\/2025\/01\/P1040415.jpg 1784w, https:\/\/wordpress.derwegderwoelfe.de\/wp-content\/uploads\/2025\/01\/P1040415-300x298.jpg 300w, https:\/\/wordpress.derwegderwoelfe.de\/wp-content\/uploads\/2025\/01\/P1040415-1024x1017.jpg 1024w, https:\/\/wordpress.derwegderwoelfe.de\/wp-content\/uploads\/2025\/01\/P1040415-150x150.jpg 150w, https:\/\/wordpress.derwegderwoelfe.de\/wp-content\/uploads\/2025\/01\/P1040415-768x762.jpg 768w, https:\/\/wordpress.derwegderwoelfe.de\/wp-content\/uploads\/2025\/01\/P1040415-1536x1525.jpg 1536w, https:\/\/wordpress.derwegderwoelfe.de\/wp-content\/uploads\/2025\/01\/P1040415-302x300.jpg 302w\" sizes=\"auto, (max-width: 600px) 100vw, 600px\" \/><img loading=\"lazy\" decoding=\"async\" width=\"600\" height=\"598\" class=\"wp-image-3769\" style=\"width: 600px;\" src=\"https:\/\/wordpress.derwegderwoelfe.de\/wp-content\/uploads\/2025\/01\/P1040432.jpg\" alt=\"\" srcset=\"https:\/\/wordpress.derwegderwoelfe.de\/wp-content\/uploads\/2025\/01\/P1040432.jpg 1985w, https:\/\/wordpress.derwegderwoelfe.de\/wp-content\/uploads\/2025\/01\/P1040432-300x300.jpg 300w, https:\/\/wordpress.derwegderwoelfe.de\/wp-content\/uploads\/2025\/01\/P1040432-1024x1020.jpg 1024w, https:\/\/wordpress.derwegderwoelfe.de\/wp-content\/uploads\/2025\/01\/P1040432-150x150.jpg 150w, https:\/\/wordpress.derwegderwoelfe.de\/wp-content\/uploads\/2025\/01\/P1040432-768x765.jpg 768w, https:\/\/wordpress.derwegderwoelfe.de\/wp-content\/uploads\/2025\/01\/P1040432-1536x1530.jpg 1536w, https:\/\/wordpress.derwegderwoelfe.de\/wp-content\/uploads\/2025\/01\/P1040432-301x300.jpg 301w\" sizes=\"auto, (max-width: 600px) 100vw, 600px\" \/><img loading=\"lazy\" decoding=\"async\" width=\"600\" height=\"603\" class=\"wp-image-3771\" style=\"width: 600px;\" src=\"https:\/\/wordpress.derwegderwoelfe.de\/wp-content\/uploads\/2025\/01\/IMG_20250119_102821_070.jpg\" alt=\"\" srcset=\"https:\/\/wordpress.derwegderwoelfe.de\/wp-content\/uploads\/2025\/01\/IMG_20250119_102821_070.jpg 1843w, https:\/\/wordpress.derwegderwoelfe.de\/wp-content\/uploads\/2025\/01\/IMG_20250119_102821_070-1020x1024.jpg 1020w, https:\/\/wordpress.derwegderwoelfe.de\/wp-content\/uploads\/2025\/01\/IMG_20250119_102821_070-150x150.jpg 150w, https:\/\/wordpress.derwegderwoelfe.de\/wp-content\/uploads\/2025\/01\/IMG_20250119_102821_070-768x771.jpg 768w, https:\/\/wordpress.derwegderwoelfe.de\/wp-content\/uploads\/2025\/01\/IMG_20250119_102821_070-1529x1536.jpg 1529w, https:\/\/wordpress.derwegderwoelfe.de\/wp-content\/uploads\/2025\/01\/IMG_20250119_102821_070-299x300.jpg 299w\" sizes=\"auto, (max-width: 600px) 100vw, 600px\" \/><\/p>\n\n\n\n<p>28.Januar<\/p>\n\n\n\n<p>Auf meinem Weg in die n\u00e4chste Region, die Sierra do Andujar, habe ich noch Juan Carlos besucht, einem Guide der zum einen in das Luchsprojekt involviert war und eigene F\u00fchrungen und Wildtierbeobachtungen in verschiedenen Regionen in Spanien anbietet. Er hat mir viele Informationen und Tips gegeben. \u00dcber Perlenf\u00e4nger <a href=\"https:\/\/www.perlenfaenger.com\/touren-reisen\/sierra-de-andujar-luchse-flora-und-fauna\/\">Sierra de Andujar &#8211; Luchse, Flora und Fauna<\/a> kann man eine mehrt\u00e4gige Reise mit Juan Carlos buchen. <\/p>\n\n\n\n<p>Ich habe mir in der vergangenen Woche dann verschiedene Gebiete angeschaut und mir ist tats\u00e4chlich auch ein Luchs begegnet. Besser gesagt, der Luchs ist zwischen mir und meinem Wagen vorbeispaziert, w\u00e4hrend meine Kamera im Auto lag. Ein tolle Beobachtung f\u00fcr mich noch spannender weil ich sein Verhalten beobachten konnte aus etwa 50m Entfernung, denn er wurde von einer Gruppe an Leuten die beobachtet schon bevor ich ihn gesehen hatte. ich war eigentlich nur schnell zum Bach gegangen und wollte schauen ob es da einen verstecken Pfad gibt, und war nur 200m vom Auto entfernt. Es war gegen 10:30 und ich hatte nun wirklich nicht damit gerechnet, dass da jetzt ein Luchs vorbeikommen wird. <\/p>\n\n\n\n<p>Am Freitag, war ich dann auf dem Stausee noch paddeln. Am Wochenende wurde das Wetter schlechter, als ich zu den Beobachtungspl\u00e4tzen f\u00fcr Luchse und andere Wildtiere gefahren bin. Hier ein paar Bilder aus der Region und meinen Wildtierbegegnungen. Denn ich konnte unter anderem auch Fischotter beobachten. Leider gab es nur einen markierten Wanderweg, den ich dann am letzten Tag im Sturm und regen ein erwandert habe. <\/p>\n\n\n\n<p><img loading=\"lazy\" decoding=\"async\" width=\"600\" height=\"450\" class=\"wp-image-3776\" style=\"width: 600px;\" src=\"https:\/\/wordpress.derwegderwoelfe.de\/wp-content\/uploads\/2025\/01\/IMG_20250125_105553_439-scaled.jpg\" alt=\"\" srcset=\"https:\/\/wordpress.derwegderwoelfe.de\/wp-content\/uploads\/2025\/01\/IMG_20250125_105553_439-scaled.jpg 2560w, https:\/\/wordpress.derwegderwoelfe.de\/wp-content\/uploads\/2025\/01\/IMG_20250125_105553_439-300x225.jpg 300w, https:\/\/wordpress.derwegderwoelfe.de\/wp-content\/uploads\/2025\/01\/IMG_20250125_105553_439-1024x768.jpg 1024w, https:\/\/wordpress.derwegderwoelfe.de\/wp-content\/uploads\/2025\/01\/IMG_20250125_105553_439-768x576.jpg 768w, https:\/\/wordpress.derwegderwoelfe.de\/wp-content\/uploads\/2025\/01\/IMG_20250125_105553_439-1536x1152.jpg 1536w, https:\/\/wordpress.derwegderwoelfe.de\/wp-content\/uploads\/2025\/01\/IMG_20250125_105553_439-2048x1536.jpg 2048w, https:\/\/wordpress.derwegderwoelfe.de\/wp-content\/uploads\/2025\/01\/IMG_20250125_105553_439-400x300.jpg 400w\" sizes=\"auto, (max-width: 600px) 100vw, 600px\" \/>   <img loading=\"lazy\" decoding=\"async\" width=\"600\" height=\"603\" class=\"wp-image-3777\" style=\"width: 600px;\" src=\"https:\/\/wordpress.derwegderwoelfe.de\/wp-content\/uploads\/2025\/01\/P1040452.jpg\" alt=\"\" srcset=\"https:\/\/wordpress.derwegderwoelfe.de\/wp-content\/uploads\/2025\/01\/P1040452.jpg 2163w, https:\/\/wordpress.derwegderwoelfe.de\/wp-content\/uploads\/2025\/01\/P1040452-298x300.jpg 298w, https:\/\/wordpress.derwegderwoelfe.de\/wp-content\/uploads\/2025\/01\/P1040452-1019x1024.jpg 1019w, https:\/\/wordpress.derwegderwoelfe.de\/wp-content\/uploads\/2025\/01\/P1040452-150x150.jpg 150w, https:\/\/wordpress.derwegderwoelfe.de\/wp-content\/uploads\/2025\/01\/P1040452-768x772.jpg 768w, https:\/\/wordpress.derwegderwoelfe.de\/wp-content\/uploads\/2025\/01\/P1040452-1528x1536.jpg 1528w, https:\/\/wordpress.derwegderwoelfe.de\/wp-content\/uploads\/2025\/01\/P1040452-2038x2048.jpg 2038w\" sizes=\"auto, (max-width: 600px) 100vw, 600px\" \/><img loading=\"lazy\" decoding=\"async\" width=\"600\" height=\"600\" class=\"wp-image-3778\" style=\"width: 600px;\" src=\"https:\/\/wordpress.derwegderwoelfe.de\/wp-content\/uploads\/2025\/01\/P1040502.jpg\" alt=\"\" srcset=\"https:\/\/wordpress.derwegderwoelfe.de\/wp-content\/uploads\/2025\/01\/P1040502.jpg 1111w, https:\/\/wordpress.derwegderwoelfe.de\/wp-content\/uploads\/2025\/01\/P1040502-300x300.jpg 300w, https:\/\/wordpress.derwegderwoelfe.de\/wp-content\/uploads\/2025\/01\/P1040502-1024x1024.jpg 1024w, https:\/\/wordpress.derwegderwoelfe.de\/wp-content\/uploads\/2025\/01\/P1040502-150x150.jpg 150w, https:\/\/wordpress.derwegderwoelfe.de\/wp-content\/uploads\/2025\/01\/P1040502-768x768.jpg 768w\" sizes=\"auto, (max-width: 600px) 100vw, 600px\" \/><img loading=\"lazy\" decoding=\"async\" width=\"600\" height=\"600\" class=\"wp-image-3779\" style=\"width: 600px;\" src=\"https:\/\/wordpress.derwegderwoelfe.de\/wp-content\/uploads\/2025\/01\/P1040527.jpg\" alt=\"\" srcset=\"https:\/\/wordpress.derwegderwoelfe.de\/wp-content\/uploads\/2025\/01\/P1040527.jpg 1287w, https:\/\/wordpress.derwegderwoelfe.de\/wp-content\/uploads\/2025\/01\/P1040527-300x300.jpg 300w, https:\/\/wordpress.derwegderwoelfe.de\/wp-content\/uploads\/2025\/01\/P1040527-1024x1024.jpg 1024w, https:\/\/wordpress.derwegderwoelfe.de\/wp-content\/uploads\/2025\/01\/P1040527-150x150.jpg 150w, https:\/\/wordpress.derwegderwoelfe.de\/wp-content\/uploads\/2025\/01\/P1040527-768x768.jpg 768w\" sizes=\"auto, (max-width: 600px) 100vw, 600px\" \/><img loading=\"lazy\" decoding=\"async\" width=\"600\" height=\"600\" class=\"wp-image-3780\" style=\"width: 600px;\" src=\"https:\/\/wordpress.derwegderwoelfe.de\/wp-content\/uploads\/2025\/01\/P1040538-frame-at-0m4s.jpg\" alt=\"\" srcset=\"https:\/\/wordpress.derwegderwoelfe.de\/wp-content\/uploads\/2025\/01\/P1040538-frame-at-0m4s.jpg 1709w, https:\/\/wordpress.derwegderwoelfe.de\/wp-content\/uploads\/2025\/01\/P1040538-frame-at-0m4s-300x300.jpg 300w, https:\/\/wordpress.derwegderwoelfe.de\/wp-content\/uploads\/2025\/01\/P1040538-frame-at-0m4s-1024x1024.jpg 1024w, https:\/\/wordpress.derwegderwoelfe.de\/wp-content\/uploads\/2025\/01\/P1040538-frame-at-0m4s-150x150.jpg 150w, https:\/\/wordpress.derwegderwoelfe.de\/wp-content\/uploads\/2025\/01\/P1040538-frame-at-0m4s-768x768.jpg 768w, https:\/\/wordpress.derwegderwoelfe.de\/wp-content\/uploads\/2025\/01\/P1040538-frame-at-0m4s-1536x1536.jpg 1536w\" sizes=\"auto, (max-width: 600px) 100vw, 600px\" \/><img loading=\"lazy\" decoding=\"async\" width=\"600\" height=\"338\" class=\"wp-image-3781\" style=\"width: 600px;\" src=\"https:\/\/wordpress.derwegderwoelfe.de\/wp-content\/uploads\/2025\/01\/P1040559-frame-at-0m5s-scaled.jpg\" alt=\"\" srcset=\"https:\/\/wordpress.derwegderwoelfe.de\/wp-content\/uploads\/2025\/01\/P1040559-frame-at-0m5s-scaled.jpg 2560w, https:\/\/wordpress.derwegderwoelfe.de\/wp-content\/uploads\/2025\/01\/P1040559-frame-at-0m5s-300x169.jpg 300w, https:\/\/wordpress.derwegderwoelfe.de\/wp-content\/uploads\/2025\/01\/P1040559-frame-at-0m5s-1024x576.jpg 1024w, https:\/\/wordpress.derwegderwoelfe.de\/wp-content\/uploads\/2025\/01\/P1040559-frame-at-0m5s-768x432.jpg 768w, https:\/\/wordpress.derwegderwoelfe.de\/wp-content\/uploads\/2025\/01\/P1040559-frame-at-0m5s-1536x864.jpg 1536w, https:\/\/wordpress.derwegderwoelfe.de\/wp-content\/uploads\/2025\/01\/P1040559-frame-at-0m5s-2048x1152.jpg 2048w, https:\/\/wordpress.derwegderwoelfe.de\/wp-content\/uploads\/2025\/01\/P1040559-frame-at-0m5s-500x281.jpg 500w\" sizes=\"auto, (max-width: 600px) 100vw, 600px\" \/><img loading=\"lazy\" decoding=\"async\" width=\"600\" height=\"600\" class=\"wp-image-3782\" style=\"width: 600px;\" src=\"https:\/\/wordpress.derwegderwoelfe.de\/wp-content\/uploads\/2025\/01\/P1040565.jpg\" alt=\"\" srcset=\"https:\/\/wordpress.derwegderwoelfe.de\/wp-content\/uploads\/2025\/01\/P1040565.jpg 1678w, https:\/\/wordpress.derwegderwoelfe.de\/wp-content\/uploads\/2025\/01\/P1040565-300x300.jpg 300w, https:\/\/wordpress.derwegderwoelfe.de\/wp-content\/uploads\/2025\/01\/P1040565-1024x1024.jpg 1024w, https:\/\/wordpress.derwegderwoelfe.de\/wp-content\/uploads\/2025\/01\/P1040565-150x150.jpg 150w, https:\/\/wordpress.derwegderwoelfe.de\/wp-content\/uploads\/2025\/01\/P1040565-768x768.jpg 768w, https:\/\/wordpress.derwegderwoelfe.de\/wp-content\/uploads\/2025\/01\/P1040565-1536x1536.jpg 1536w\" sizes=\"auto, (max-width: 600px) 100vw, 600px\" \/><img loading=\"lazy\" decoding=\"async\" width=\"600\" height=\"600\" class=\"wp-image-3775\" style=\"width: 600px;\" src=\"https:\/\/wordpress.derwegderwoelfe.de\/wp-content\/uploads\/2025\/01\/DSCN3320-scaled.jpg\" alt=\"\" srcset=\"https:\/\/wordpress.derwegderwoelfe.de\/wp-content\/uploads\/2025\/01\/DSCN3320-scaled.jpg 2560w, https:\/\/wordpress.derwegderwoelfe.de\/wp-content\/uploads\/2025\/01\/DSCN3320-300x300.jpg 300w, https:\/\/wordpress.derwegderwoelfe.de\/wp-content\/uploads\/2025\/01\/DSCN3320-1024x1024.jpg 1024w, https:\/\/wordpress.derwegderwoelfe.de\/wp-content\/uploads\/2025\/01\/DSCN3320-150x150.jpg 150w, https:\/\/wordpress.derwegderwoelfe.de\/wp-content\/uploads\/2025\/01\/DSCN3320-768x768.jpg 768w, https:\/\/wordpress.derwegderwoelfe.de\/wp-content\/uploads\/2025\/01\/DSCN3320-1536x1536.jpg 1536w, https:\/\/wordpress.derwegderwoelfe.de\/wp-content\/uploads\/2025\/01\/DSCN3320-2048x2048.jpg 2048w\" sizes=\"auto, (max-width: 600px) 100vw, 600px\" \/><img loading=\"lazy\" decoding=\"async\" width=\"600\" height=\"450\" class=\"wp-image-3783\" style=\"width: 600px;\" src=\"https:\/\/wordpress.derwegderwoelfe.de\/wp-content\/uploads\/2025\/01\/DSCN3312-scaled.jpg\" alt=\"\" srcset=\"https:\/\/wordpress.derwegderwoelfe.de\/wp-content\/uploads\/2025\/01\/DSCN3312-scaled.jpg 2560w, https:\/\/wordpress.derwegderwoelfe.de\/wp-content\/uploads\/2025\/01\/DSCN3312-300x225.jpg 300w, https:\/\/wordpress.derwegderwoelfe.de\/wp-content\/uploads\/2025\/01\/DSCN3312-1024x768.jpg 1024w, https:\/\/wordpress.derwegderwoelfe.de\/wp-content\/uploads\/2025\/01\/DSCN3312-768x576.jpg 768w, https:\/\/wordpress.derwegderwoelfe.de\/wp-content\/uploads\/2025\/01\/DSCN3312-1536x1152.jpg 1536w, https:\/\/wordpress.derwegderwoelfe.de\/wp-content\/uploads\/2025\/01\/DSCN3312-2048x1536.jpg 2048w, https:\/\/wordpress.derwegderwoelfe.de\/wp-content\/uploads\/2025\/01\/DSCN3312-400x300.jpg 400w\" sizes=\"auto, (max-width: 600px) 100vw, 600px\" \/><\/p>\n\n\n\n<p>Die Expedition zum iberischen Luchs in die drei geplante Regionen ist damit abgeschlossen. Ich habe alle erhofften Informationen und Eindr\u00fccke bekommen. Allerdings bin ich auf einer Expedition noch nie so wenig gewandert. Grund: es gab nur sehr wenige Wanderwege und \u00fcberall standen hohe Z\u00e4une. Die Landschaften w\u00e4ren toll f\u00fcr ausgedehnte Wanderungen gewesen. Abgesehen von Spuren bin ich ja sogar einem Luchs begegnet, wenn auch ohne Foto, was aber nicht entscheidend ist. Daf\u00fcr habe ich den Fischotter erstmals aufnehmen k\u00f6nnen. <\/p>\n","protected":false},"excerpt":{"rendered":"<p>Im Januar 2025 habe ich mich auf den Weg nach S\u00fcdportugal und Spanien gemacht um einige Wochen die Regionen in denen der iberische Luchs vorkommt zu erwandern. 7.-11.Januar: lange Anreise bis ins Zielgebiet. Am Strand in Nordspanien angekommen. Etwa 15\u00b0C &hellip; <a class=\"more-link\" href=\"https:\/\/wordpress.derwegderwoelfe.de\/?p=3721\">Weiterlesen <span class=\"meta-nav\">&rarr;<\/span><\/a><\/p>\n","protected":false},"author":1,"featured_media":0,"comment_status":"closed","ping_status":"closed","sticky":false,"template":"","format":"standard","meta":{"footnotes":""},"categories":[1],"tags":[],"class_list":["post-3721","post","type-post","status-publish","format-standard","hentry","category-uncategorized"],"_links":{"self":[{"href":"https:\/\/wordpress.derwegderwoelfe.de\/index.php?rest_route=\/wp\/v2\/posts\/3721","targetHints":{"allow":["GET"]}}],"collection":[{"href":"https:\/\/wordpress.derwegderwoelfe.de\/index.php?rest_route=\/wp\/v2\/posts"}],"about":[{"href":"https:\/\/wordpress.derwegderwoelfe.de\/index.php?rest_route=\/wp\/v2\/types\/post"}],"author":[{"embeddable":true,"href":"https:\/\/wordpress.derwegderwoelfe.de\/index.php?rest_route=\/wp\/v2\/users\/1"}],"replies":[{"embeddable":true,"href":"https:\/\/wordpress.derwegderwoelfe.de\/index.php?rest_route=%2Fwp%2Fv2%2Fcomments&post=3721"}],"version-history":[{"count":10,"href":"https:\/\/wordpress.derwegderwoelfe.de\/index.php?rest_route=\/wp\/v2\/posts\/3721\/revisions"}],"predecessor-version":[{"id":3786,"href":"https:\/\/wordpress.derwegderwoelfe.de\/index.php?rest_route=\/wp\/v2\/posts\/3721\/revisions\/3786"}],"wp:attachment":[{"href":"https:\/\/wordpress.derwegderwoelfe.de\/index.php?rest_route=%2Fwp%2Fv2%2Fmedia&parent=3721"}],"wp:term":[{"taxonomy":"category","embeddable":true,"href":"https:\/\/wordpress.derwegderwoelfe.de\/index.php?rest_route=%2Fwp%2Fv2%2Fcategories&post=3721"},{"taxonomy":"post_tag","embeddable":true,"href":"https:\/\/wordpress.derwegderwoelfe.de\/index.php?rest_route=%2Fwp%2Fv2%2Ftags&post=3721"}],"curies":[{"name":"wp","href":"https:\/\/api.w.org\/{rel}","templated":true}]}}