{"id":3895,"date":"2026-09-05T17:38:41","date_gmt":"2026-09-05T16:38:41","guid":{"rendered":"https:\/\/wordpress.derwegderwoelfe.de\/?p=3895"},"modified":"2026-09-05T17:38:42","modified_gmt":"2026-09-05T16:38:42","slug":"impressionen-karpaten-2026","status":"publish","type":"post","link":"https:\/\/wordpress.derwegderwoelfe.de\/?p=3895","title":{"rendered":"Impressionen Karpaten 2026"},"content":{"rendered":"\n<p class=\"wp-block-paragraph\">Im September bin ich in den rum\u00e4nischen Karpaten unterwegs. Ich habe ein paar G\u00e4ste aus Deutschland f\u00fcr einige Tage und f\u00fcr zehn Tage kommt aus Kalifornien Meghan Walla Murphy und ist mit zum Thema B\u00e4r und andere Wildtiere unterwegs. Meghan arbeitet in Kalifornien unter anderem an Projekten mit Schwarzb\u00e4ren. Ich habe sie ja schon mehrfach besucht und war auch bei ihren Vorlesungen als Gastsprecher dabei. Wir tauschen uns insbesondere \u00fcber den Umgang mit B\u00e4ren (europ\u00e4ischer Braunb\u00e4r und amerikanischer Schwarzb\u00e4r) aus. <\/p>\n\n\n\n<p class=\"wp-block-paragraph\">Hier sind wieder ein paar Eindr\u00fccke mit Bildern von meinen Wanderungen in Rum\u00e4nien.<\/p>\n\n\n\n<figure class=\"wp-block-image size-large\"><a href=\"https:\/\/wordpress.derwegderwoelfe.de\/wp-content\/uploads\/2026\/09\/Blindschleiche01.jpg\"><img loading=\"lazy\" decoding=\"async\" width=\"1024\" height=\"576\" src=\"https:\/\/wordpress.derwegderwoelfe.de\/wp-content\/uploads\/2026\/09\/Blindschleiche01-1024x576.jpg\" alt=\"\" class=\"wp-image-3896\" srcset=\"https:\/\/wordpress.derwegderwoelfe.de\/wp-content\/uploads\/2026\/09\/Blindschleiche01-1024x576.jpg 1024w, https:\/\/wordpress.derwegderwoelfe.de\/wp-content\/uploads\/2026\/09\/Blindschleiche01-300x169.jpg 300w, https:\/\/wordpress.derwegderwoelfe.de\/wp-content\/uploads\/2026\/09\/Blindschleiche01-768x432.jpg 768w, https:\/\/wordpress.derwegderwoelfe.de\/wp-content\/uploads\/2026\/09\/Blindschleiche01-1536x864.jpg 1536w, https:\/\/wordpress.derwegderwoelfe.de\/wp-content\/uploads\/2026\/09\/Blindschleiche01-500x281.jpg 500w, https:\/\/wordpress.derwegderwoelfe.de\/wp-content\/uploads\/2026\/09\/Blindschleiche01.jpg 1817w\" sizes=\"auto, (max-width: 1024px) 100vw, 1024px\" \/><\/a><figcaption class=\"wp-element-caption\">Blindschleiche<\/figcaption><\/figure>\n\n\n\n<figure class=\"wp-block-image size-large\"><a href=\"https:\/\/wordpress.derwegderwoelfe.de\/wp-content\/uploads\/2026\/09\/P1070001-frame-at-1m10s.jpg\"><img loading=\"lazy\" decoding=\"async\" width=\"1024\" height=\"576\" src=\"https:\/\/wordpress.derwegderwoelfe.de\/wp-content\/uploads\/2026\/09\/P1070001-frame-at-1m10s-1024x576.jpg\" alt=\"\" class=\"wp-image-3904\" srcset=\"https:\/\/wordpress.derwegderwoelfe.de\/wp-content\/uploads\/2026\/09\/P1070001-frame-at-1m10s-1024x576.jpg 1024w, https:\/\/wordpress.derwegderwoelfe.de\/wp-content\/uploads\/2026\/09\/P1070001-frame-at-1m10s-300x169.jpg 300w, https:\/\/wordpress.derwegderwoelfe.de\/wp-content\/uploads\/2026\/09\/P1070001-frame-at-1m10s-768x432.jpg 768w, https:\/\/wordpress.derwegderwoelfe.de\/wp-content\/uploads\/2026\/09\/P1070001-frame-at-1m10s-1536x864.jpg 1536w, https:\/\/wordpress.derwegderwoelfe.de\/wp-content\/uploads\/2026\/09\/P1070001-frame-at-1m10s-2048x1152.jpg 2048w, https:\/\/wordpress.derwegderwoelfe.de\/wp-content\/uploads\/2026\/09\/P1070001-frame-at-1m10s-500x281.jpg 500w\" sizes=\"auto, (max-width: 1024px) 100vw, 1024px\" \/><\/a><figcaption class=\"wp-element-caption\">ein noch junges Rotkehlchen, aber Regenwurm passt nicht rein. Augen gr\u00f6\u00dfer als Magen.<\/figcaption><\/figure>\n\n\n\n<figure class=\"wp-block-image size-large\"><a href=\"https:\/\/wordpress.derwegderwoelfe.de\/wp-content\/uploads\/2026\/09\/P1070008.jpg\"><img loading=\"lazy\" decoding=\"async\" width=\"1024\" height=\"577\" src=\"https:\/\/wordpress.derwegderwoelfe.de\/wp-content\/uploads\/2026\/09\/P1070008-1024x577.jpg\" alt=\"\" class=\"wp-image-3905\" srcset=\"https:\/\/wordpress.derwegderwoelfe.de\/wp-content\/uploads\/2026\/09\/P1070008-1024x577.jpg 1024w, https:\/\/wordpress.derwegderwoelfe.de\/wp-content\/uploads\/2026\/09\/P1070008-300x169.jpg 300w, https:\/\/wordpress.derwegderwoelfe.de\/wp-content\/uploads\/2026\/09\/P1070008-768x432.jpg 768w, https:\/\/wordpress.derwegderwoelfe.de\/wp-content\/uploads\/2026\/09\/P1070008-1536x865.jpg 1536w, https:\/\/wordpress.derwegderwoelfe.de\/wp-content\/uploads\/2026\/09\/P1070008-2048x1153.jpg 2048w, https:\/\/wordpress.derwegderwoelfe.de\/wp-content\/uploads\/2026\/09\/P1070008-500x282.jpg 500w\" sizes=\"auto, (max-width: 1024px) 100vw, 1024px\" \/><\/a><figcaption class=\"wp-element-caption\">kaum sichtbar der Waldbauml\u00e4ufer<\/figcaption><\/figure>\n\n\n\n<figure class=\"wp-block-image size-large\"><a href=\"https:\/\/wordpress.derwegderwoelfe.de\/wp-content\/uploads\/2026\/09\/P1060815-scaled.jpg\"><img loading=\"lazy\" decoding=\"async\" width=\"1024\" height=\"576\" src=\"https:\/\/wordpress.derwegderwoelfe.de\/wp-content\/uploads\/2026\/09\/P1060815-1024x576.jpg\" alt=\"\" class=\"wp-image-3903\" srcset=\"https:\/\/wordpress.derwegderwoelfe.de\/wp-content\/uploads\/2026\/09\/P1060815-1024x576.jpg 1024w, https:\/\/wordpress.derwegderwoelfe.de\/wp-content\/uploads\/2026\/09\/P1060815-300x169.jpg 300w, https:\/\/wordpress.derwegderwoelfe.de\/wp-content\/uploads\/2026\/09\/P1060815-768x432.jpg 768w, https:\/\/wordpress.derwegderwoelfe.de\/wp-content\/uploads\/2026\/09\/P1060815-1536x864.jpg 1536w, https:\/\/wordpress.derwegderwoelfe.de\/wp-content\/uploads\/2026\/09\/P1060815-2048x1153.jpg 2048w, https:\/\/wordpress.derwegderwoelfe.de\/wp-content\/uploads\/2026\/09\/P1060815-500x281.jpg 500w\" sizes=\"auto, (max-width: 1024px) 100vw, 1024px\" \/><\/a><figcaption class=\"wp-element-caption\">turnerischer Einsatz der Tannenmeise<\/figcaption><\/figure>\n\n\n\n<figure class=\"wp-block-image size-large\"><a href=\"https:\/\/wordpress.derwegderwoelfe.de\/wp-content\/uploads\/2026\/09\/Federmotte.jpg\"><img loading=\"lazy\" decoding=\"async\" width=\"1024\" height=\"577\" src=\"https:\/\/wordpress.derwegderwoelfe.de\/wp-content\/uploads\/2026\/09\/Federmotte-1024x577.jpg\" alt=\"\" class=\"wp-image-3899\" srcset=\"https:\/\/wordpress.derwegderwoelfe.de\/wp-content\/uploads\/2026\/09\/Federmotte-1024x577.jpg 1024w, https:\/\/wordpress.derwegderwoelfe.de\/wp-content\/uploads\/2026\/09\/Federmotte-300x169.jpg 300w, https:\/\/wordpress.derwegderwoelfe.de\/wp-content\/uploads\/2026\/09\/Federmotte-768x433.jpg 768w, https:\/\/wordpress.derwegderwoelfe.de\/wp-content\/uploads\/2026\/09\/Federmotte-1536x866.jpg 1536w, https:\/\/wordpress.derwegderwoelfe.de\/wp-content\/uploads\/2026\/09\/Federmotte-500x282.jpg 500w, https:\/\/wordpress.derwegderwoelfe.de\/wp-content\/uploads\/2026\/09\/Federmotte.jpg 1803w\" sizes=\"auto, (max-width: 1024px) 100vw, 1024px\" \/><\/a><figcaption class=\"wp-element-caption\">im trockenen Grass kaum zu erkennen, die Federmotte in der T-Haltung.<\/figcaption><\/figure>\n\n\n\n<figure class=\"wp-block-image size-large\"><a href=\"https:\/\/wordpress.derwegderwoelfe.de\/wp-content\/uploads\/2026\/09\/DSCN6737.jpg\"><img loading=\"lazy\" decoding=\"async\" width=\"1024\" height=\"768\" src=\"https:\/\/wordpress.derwegderwoelfe.de\/wp-content\/uploads\/2026\/09\/DSCN6737-1024x768.jpg\" alt=\"\" class=\"wp-image-3897\" srcset=\"https:\/\/wordpress.derwegderwoelfe.de\/wp-content\/uploads\/2026\/09\/DSCN6737-1024x768.jpg 1024w, https:\/\/wordpress.derwegderwoelfe.de\/wp-content\/uploads\/2026\/09\/DSCN6737-300x225.jpg 300w, https:\/\/wordpress.derwegderwoelfe.de\/wp-content\/uploads\/2026\/09\/DSCN6737-768x576.jpg 768w, https:\/\/wordpress.derwegderwoelfe.de\/wp-content\/uploads\/2026\/09\/DSCN6737-400x300.jpg 400w, https:\/\/wordpress.derwegderwoelfe.de\/wp-content\/uploads\/2026\/09\/DSCN6737.jpg 1145w\" sizes=\"auto, (max-width: 1024px) 100vw, 1024px\" \/><\/a><figcaption class=\"wp-element-caption\">\u00f6kologisches System bei der Arbeit. Samen im Socken! Ein wichtiges Bespiel wie das Verteilsystem auch im Fell der Tiere funktioniert.<\/figcaption><\/figure>\n\n\n\n<figure class=\"wp-block-image size-large\"><a href=\"https:\/\/wordpress.derwegderwoelfe.de\/wp-content\/uploads\/2026\/09\/P1070029-frame-at-0m5s.jpg\"><img loading=\"lazy\" decoding=\"async\" width=\"1024\" height=\"576\" src=\"https:\/\/wordpress.derwegderwoelfe.de\/wp-content\/uploads\/2026\/09\/P1070029-frame-at-0m5s-1024x576.jpg\" alt=\"\" class=\"wp-image-3907\" srcset=\"https:\/\/wordpress.derwegderwoelfe.de\/wp-content\/uploads\/2026\/09\/P1070029-frame-at-0m5s-1024x576.jpg 1024w, https:\/\/wordpress.derwegderwoelfe.de\/wp-content\/uploads\/2026\/09\/P1070029-frame-at-0m5s-300x169.jpg 300w, https:\/\/wordpress.derwegderwoelfe.de\/wp-content\/uploads\/2026\/09\/P1070029-frame-at-0m5s-768x432.jpg 768w, https:\/\/wordpress.derwegderwoelfe.de\/wp-content\/uploads\/2026\/09\/P1070029-frame-at-0m5s-500x281.jpg 500w, https:\/\/wordpress.derwegderwoelfe.de\/wp-content\/uploads\/2026\/09\/P1070029-frame-at-0m5s.jpg 1441w\" sizes=\"auto, (max-width: 1024px) 100vw, 1024px\" \/><\/a><figcaption class=\"wp-element-caption\">Ein Fuchs im hohen Grass, der uns erst sehr sp\u00e4t bemerkt hat.<\/figcaption><\/figure>\n\n\n\n<figure class=\"wp-block-image size-large\"><a href=\"https:\/\/wordpress.derwegderwoelfe.de\/wp-content\/uploads\/2026\/09\/P1070027-frame-at-0m36s-scaled.jpg\"><img loading=\"lazy\" decoding=\"async\" width=\"1024\" height=\"576\" src=\"https:\/\/wordpress.derwegderwoelfe.de\/wp-content\/uploads\/2026\/09\/P1070027-frame-at-0m36s-1024x576.jpg\" alt=\"\" class=\"wp-image-3906\" srcset=\"https:\/\/wordpress.derwegderwoelfe.de\/wp-content\/uploads\/2026\/09\/P1070027-frame-at-0m36s-1024x576.jpg 1024w, https:\/\/wordpress.derwegderwoelfe.de\/wp-content\/uploads\/2026\/09\/P1070027-frame-at-0m36s-300x169.jpg 300w, https:\/\/wordpress.derwegderwoelfe.de\/wp-content\/uploads\/2026\/09\/P1070027-frame-at-0m36s-768x432.jpg 768w, https:\/\/wordpress.derwegderwoelfe.de\/wp-content\/uploads\/2026\/09\/P1070027-frame-at-0m36s-1536x864.jpg 1536w, https:\/\/wordpress.derwegderwoelfe.de\/wp-content\/uploads\/2026\/09\/P1070027-frame-at-0m36s-2048x1152.jpg 2048w, https:\/\/wordpress.derwegderwoelfe.de\/wp-content\/uploads\/2026\/09\/P1070027-frame-at-0m36s-500x281.jpg 500w\" sizes=\"auto, (max-width: 1024px) 100vw, 1024px\" \/><\/a><figcaption class=\"wp-element-caption\">Erst als wir den B\u00e4ren auf uns aufmerksam gemacht haben, hat er die Umgebung gepr\u00fcft. Dabei konnte ich diese Aufnahmen machen. Auch f\u00fcr mich eine sehr seltene Begegnung. Er hat sich dann getrollt und sich wieder um seine Beeren im Strauchwerk gek\u00fcmmert.<\/figcaption><\/figure>\n\n\n\n<p class=\"wp-block-paragraph\"><\/p>\n\n\n\n<p class=\"wp-block-paragraph\"><\/p>\n","protected":false},"excerpt":{"rendered":"<p>Im September bin ich in den rum\u00e4nischen Karpaten unterwegs. Ich habe ein paar G\u00e4ste aus Deutschland f\u00fcr einige Tage und f\u00fcr zehn Tage kommt aus Kalifornien Meghan Walla Murphy und ist mit zum Thema B\u00e4r und andere Wildtiere unterwegs. Meghan &hellip; <a class=\"more-link\" href=\"https:\/\/wordpress.derwegderwoelfe.de\/?p=3895\">Weiterlesen <span class=\"meta-nav\">&rarr;<\/span><\/a><\/p>\n","protected":false},"author":1,"featured_media":0,"comment_status":"closed","ping_status":"closed","sticky":false,"template":"","format":"standard","meta":{"footnotes":""},"categories":[1],"tags":[],"class_list":["post-3895","post","type-post","status-publish","format-standard","hentry","category-uncategorized"],"_links":{"self":[{"href":"https:\/\/wordpress.derwegderwoelfe.de\/index.php?rest_route=\/wp\/v2\/posts\/3895","targetHints":{"allow":["GET"]}}],"collection":[{"href":"https:\/\/wordpress.derwegderwoelfe.de\/index.php?rest_route=\/wp\/v2\/posts"}],"about":[{"href":"https:\/\/wordpress.derwegderwoelfe.de\/index.php?rest_route=\/wp\/v2\/types\/post"}],"author":[{"embeddable":true,"href":"https:\/\/wordpress.derwegderwoelfe.de\/index.php?rest_route=\/wp\/v2\/users\/1"}],"replies":[{"embeddable":true,"href":"https:\/\/wordpress.derwegderwoelfe.de\/index.php?rest_route=%2Fwp%2Fv2%2Fcomments&post=3895"}],"version-history":[{"count":1,"href":"https:\/\/wordpress.derwegderwoelfe.de\/index.php?rest_route=\/wp\/v2\/posts\/3895\/revisions"}],"predecessor-version":[{"id":3909,"href":"https:\/\/wordpress.derwegderwoelfe.de\/index.php?rest_route=\/wp\/v2\/posts\/3895\/revisions\/3909"}],"wp:attachment":[{"href":"https:\/\/wordpress.derwegderwoelfe.de\/index.php?rest_route=%2Fwp%2Fv2%2Fmedia&parent=3895"}],"wp:term":[{"taxonomy":"category","embeddable":true,"href":"https:\/\/wordpress.derwegderwoelfe.de\/index.php?rest_route=%2Fwp%2Fv2%2Fcategories&post=3895"},{"taxonomy":"post_tag","embeddable":true,"href":"https:\/\/wordpress.derwegderwoelfe.de\/index.php?rest_route=%2Fwp%2Fv2%2Ftags&post=3895"}],"curies":[{"name":"wp","href":"https:\/\/api.w.org\/{rel}","templated":true}]}}